{"id":7239,"date":"2025-02-20T11:03:06","date_gmt":"2025-02-20T09:03:06","guid":{"rendered":"http:\/\/www.arhivsa.ba\/wordpress\/?p=7239"},"modified":"2025-02-20T11:03:06","modified_gmt":"2025-02-20T09:03:06","slug":"najava-promocije-novog-izdanja-arhiva-u-povodu-obiljezavanja-1-marta-dana-nezavisnosti-bosne-i-hercegovine","status":"publish","type":"post","link":"https:\/\/www.arhivsa.ba\/wordpress\/?p=7239","title":{"rendered":"Najava promocije novog izdanja Arhiva u povodu obilje\u017eavanja 1. marta, Dana nezavisnosti Bosne i Hercegovine"},"content":{"rendered":"\n<p>U povodu obilje\u017eavanja 1. marta, Dana nezavisnosti Bosne i Hercegovine, zadovoljstvo nam je najaviti promociju novog izdanja na\u0161eg Arhiva: PISMA HAMDIJE KRE\u0160EVLJAKOVI\u0106A MUHAMEDU HAD\u017dIJAHI\u0106U (1938-1959), iz edicije Posebna izdanja, koju je priredio Amer Maslo, MA, u izdanju JU Historijskog arhiva Sarajevo i Univerziteta u Sarajevu &#8211; Orijentalnog instituta. Promocija \u0107e se odr\u017eati 25. februara 2025. godine u 13.00 sati u Sve\u010danoj sali Rektorata Univerziteta u Sarajevu, Obala Kulina bana 7\/II, Sarajevo.<\/p>\n\n\n\n<p>Ova publikacije donosi prepisku Hamdije Kre\u0161evljakovi\u0107a sa Muhamedom Had\u017eijahi\u0107em, koja je izdvojena iz ostav\u0161tine Hamdije Kre\u0161evljakovi\u0107a koja se \u010duva u Historijskom arhivu Sarajevu. <\/p>\n\n\n\n<p>&#8220;Ova nam pisma otkrivaju nepoznatu dimenziju Hamdije Kre\u0161evljakovi\u0107a&#8230; pisma svjedo\u010de njegov hod kroz vrijeme i probleme, li\u010dne osje\u0107aje tereta vremena, poku\u0161aje tra\u017eenja izlaza u turbulentnim vremenima, relacije i korelacije koje se reflektiraju kroz prijepisku s dragim prijateljem Muhamedom Had\u017eijahi\u0107em. Hamdija Kre\u0161evljakovi\u0107 vi\u0161estruko je utjecao ne samo na pojedince nego i na sredinu svojim radom, primjerom, djelovanjem, savjetima. Pisma otkrivaju i to kako se snalazio i pozicionirao ne samo u turbulentnim historijskim vremenima nego i u dru\u0161tvenim mijenama, slaganjima i neslaganjima o pojedinim pitanjima i problemima, pa \u010dak i razlazima s dragim osobama, nekada\u0161njim saradnicima. Razloge neslaganja nije otkrivao.&#8221; (Aladin Husi\u0107, urednik, Orijentalni institut Sarajevo)<\/p>\n\n\n\n<p>&#8220;Pismena komunikacija nedvojbeno je svjedok vremena u kojem je nastajala. Li\u010dna dopiska ipak ima jednu dodatnu vrijednost, a to je odnos dopisnika prema napisanom sadr\u017eaju. Taj li\u010dni pe\u010dat katkad nudi posve drugu sliku dru\u0161tva i prilika u odnosu na onu o kojoj saznajemo kroz slu\u017ebenu korespondenciju. Koliko god pisma Hamdije Kre\u0161evljakovi\u0107a upu\u0107ena Muhamedu Had\u017eijahi\u0107u bila li\u0161ena komentarisanja politike i prilika tog vremena, ponekad je i ton u kojem su pisana dovoljan da se osjeti atmosfera tog doba. Va\u017enost epistolografske ostav\u0161tine vrelo je za izu\u010davanje mnogim disciplinama bilo da se \u010dita kroz prizmu jezika, historije, kulture \u017eivljenja, sociologije ili politike. Upravo zbog razli\u010ditih na\u010dina na koji se mo\u017ee pri\u0107i ovoj vrsti gra\u0111e, koristi publikacije &#8220;Pisma Hamdije Kre\u0161evljakovi\u0107a Muhamedu Had\u017eijahi\u0107u (1938\u20131959)&#8221; postaju mnogostruke.&#8221; (Elma Dervi\u0161begovi\u0107, urednik, Historijski arhiv Sarajevo)<\/p>\n\n\n\n<figure class=\"wp-block-image size-large\"><a href=\"http:\/\/www.arhivsa.ba\/wordpress\/wp-content\/uploads\/2025\/02\/NAJAVNI-PLAKAT-PISMA-web-scaled.jpg\"><img loading=\"lazy\" decoding=\"async\" width=\"796\" height=\"1024\" src=\"http:\/\/www.arhivsa.ba\/wordpress\/wp-content\/uploads\/2025\/02\/NAJAVNI-PLAKAT-PISMA-web-796x1024.jpg\" alt=\"\" class=\"wp-image-7240\" srcset=\"https:\/\/www.arhivsa.ba\/wordpress\/wp-content\/uploads\/2025\/02\/NAJAVNI-PLAKAT-PISMA-web-796x1024.jpg 796w, https:\/\/www.arhivsa.ba\/wordpress\/wp-content\/uploads\/2025\/02\/NAJAVNI-PLAKAT-PISMA-web-233x300.jpg 233w, https:\/\/www.arhivsa.ba\/wordpress\/wp-content\/uploads\/2025\/02\/NAJAVNI-PLAKAT-PISMA-web-768x988.jpg 768w, https:\/\/www.arhivsa.ba\/wordpress\/wp-content\/uploads\/2025\/02\/NAJAVNI-PLAKAT-PISMA-web-1194x1536.jpg 1194w, https:\/\/www.arhivsa.ba\/wordpress\/wp-content\/uploads\/2025\/02\/NAJAVNI-PLAKAT-PISMA-web-1593x2048.jpg 1593w, https:\/\/www.arhivsa.ba\/wordpress\/wp-content\/uploads\/2025\/02\/NAJAVNI-PLAKAT-PISMA-web-117x150.jpg 117w, https:\/\/www.arhivsa.ba\/wordpress\/wp-content\/uploads\/2025\/02\/NAJAVNI-PLAKAT-PISMA-web-scaled.jpg 1991w\" sizes=\"auto, (max-width: 796px) 100vw, 796px\" \/><\/a><\/figure>\n","protected":false},"excerpt":{"rendered":"<p>U povodu obilje\u017eavanja 1. marta, Dana nezavisnosti Bosne i Hercegovine, zadovoljstvo nam je najaviti promociju novog izdanja na\u0161eg Arhiva: PISMA HAMDIJE KRE\u0160EVLJAKOVI\u0106A MUHAMEDU HAD\u017dIJAHI\u0106U (1938-1959), iz edicije Posebna izdanja, koju je priredio Amer Maslo, MA, u izdanju JU Historijskog arhiva Sarajevo i Univerziteta u Sarajevu &#8211; Orijentalnog instituta. Promocija \u0107e se odr\u017eati 25. februara 2025. godine u 13.00 sati u Sve\u010danoj sali Rektorata Univerziteta u Sarajevu, Obala Kulina bana 7\/II, Sarajevo. Ova&#8230; <a class=\"continue-reading-link\" href=\"https:\/\/www.arhivsa.ba\/wordpress\/?p=7239\">Vi\u0161e<\/a><\/p>\n","protected":false},"author":1,"featured_media":0,"comment_status":"closed","ping_status":"closed","sticky":false,"template":"","format":"standard","meta":{"_uf_show_specific_survey":0,"_uf_disable_surveys":false,"ngg_post_thumbnail":0,"footnotes":""},"categories":[3],"tags":[],"class_list":["post-7239","post","type-post","status-publish","format-standard","hentry","category-vijesti"],"_links":{"self":[{"href":"https:\/\/www.arhivsa.ba\/wordpress\/index.php?rest_route=\/wp\/v2\/posts\/7239","targetHints":{"allow":["GET"]}}],"collection":[{"href":"https:\/\/www.arhivsa.ba\/wordpress\/index.php?rest_route=\/wp\/v2\/posts"}],"about":[{"href":"https:\/\/www.arhivsa.ba\/wordpress\/index.php?rest_route=\/wp\/v2\/types\/post"}],"author":[{"embeddable":true,"href":"https:\/\/www.arhivsa.ba\/wordpress\/index.php?rest_route=\/wp\/v2\/users\/1"}],"replies":[{"embeddable":true,"href":"https:\/\/www.arhivsa.ba\/wordpress\/index.php?rest_route=%2Fwp%2Fv2%2Fcomments&post=7239"}],"version-history":[{"count":1,"href":"https:\/\/www.arhivsa.ba\/wordpress\/index.php?rest_route=\/wp\/v2\/posts\/7239\/revisions"}],"predecessor-version":[{"id":7241,"href":"https:\/\/www.arhivsa.ba\/wordpress\/index.php?rest_route=\/wp\/v2\/posts\/7239\/revisions\/7241"}],"wp:attachment":[{"href":"https:\/\/www.arhivsa.ba\/wordpress\/index.php?rest_route=%2Fwp%2Fv2%2Fmedia&parent=7239"}],"wp:term":[{"taxonomy":"category","embeddable":true,"href":"https:\/\/www.arhivsa.ba\/wordpress\/index.php?rest_route=%2Fwp%2Fv2%2Fcategories&post=7239"},{"taxonomy":"post_tag","embeddable":true,"href":"https:\/\/www.arhivsa.ba\/wordpress\/index.php?rest_route=%2Fwp%2Fv2%2Ftags&post=7239"}],"curies":[{"name":"wp","href":"https:\/\/api.w.org\/{rel}","templated":true}]}}