{"id":5898,"date":"2023-05-18T14:05:30","date_gmt":"2023-05-18T12:05:30","guid":{"rendered":"http:\/\/www.arhivsa.ba\/wordpress\/?p=5898"},"modified":"2023-05-19T08:06:36","modified_gmt":"2023-05-19T06:06:36","slug":"arhiv-ucestvuje-u-izlozbi-sarajevski-atentat","status":"publish","type":"post","link":"https:\/\/www.arhivsa.ba\/wordpress\/?p=5898","title":{"rendered":"Arhiv u\u010destvuje u izlo\u017ebi \u201eSarajevski atentat\u201c"},"content":{"rendered":"\n<p>Dana 17. maja 2023. godine otvorena je izlo\u017eba \u201eSarajevski atentat\u201c autora Valerijana \u017duje u prostoru Bo\u0161nja\u010dkog instituta u Sarajevu. Organizatori izlo\u017ebe su Nacionalna i univerzitetska biblioteka Bosne i Hercegovine i Bo\u0161nja\u010dki institut \u2013 Fondacija Adila Zulfikarpa\u0161i\u0107a.<\/p>\n\n\n\n<p>JU Historijski arhiv Sarajevo je dao svoj doprinos u realizaciji ove izlo\u017ebe ustupaju\u0107i va\u017enu arhivsku gra\u0111u za njenu postavku, uz druge ba\u0161tinske ustanove koje su tako\u0111er u\u010destvovale: Arhiv Bosne i Hercegovine, Umjetni\u010dka galerija Bosne i Hercegovine, Kantonalni zavod za za\u0161titu kulturno-historijskog i prirodnog naslije\u0111a Sarajevo i franjeva\u010dki samostan Sv. Ante u Sarajevu.<\/p>\n\n\n\n<p>Izlo\u017eba je veoma obimna i obuhvata dokumentarne, arhivske, umjetni\u010dke i video materijale o temi sarajevskog atentata iz 1914. godne kada je Gavrilo Princip usmrtio austrougarskog prijestolonasljednika i nadvojvodu Franju Ferdinanada i njegovu suprugu Sofiju. Odre\u0111eni eksponati su izlo\u017eeni po prvi put, a takvi su krune Sofije i Ferdinanda sa Spomenika okajanja koji je napravljen poslije atentata, slika u ulju Gabrijela Jurki\u0107a, te predmeti koje je dr. Pavle Kaunic koristio u obdukciji stradalih.<\/p>\n\n\n\n<p>Iz Historijskog arhiva Sarajevo izlo\u017eeni su eksponati \u2013 arhivska gra\u0111a koja se odnosi na atentatora Gavrila Principa: njegova \u0161kolska dokumentacija i popisni list iz 1910. godine.<\/p>\n\n\n\n<p>Izlo\u017eba \u0107e ostati otvorena do 31. maja, a ulaz je slobodan.<\/p>\n\n\n\n<p>Fotografije: FENA<\/p>\n\n\n\n<figure class=\"wp-block-gallery has-nested-images columns-4 is-cropped wp-block-gallery-1 is-layout-flex wp-block-gallery-is-layout-flex\">\n<figure class=\"wp-block-image size-large\"><a href=\"http:\/\/www.arhivsa.ba\/wordpress\/wp-content\/uploads\/2023\/05\/Franjo-F..jpg\"><img loading=\"lazy\" decoding=\"async\" width=\"1024\" height=\"683\" data-id=\"5899\" src=\"http:\/\/www.arhivsa.ba\/wordpress\/wp-content\/uploads\/2023\/05\/Franjo-F..jpg\" alt=\"\" class=\"wp-image-5899\" srcset=\"https:\/\/www.arhivsa.ba\/wordpress\/wp-content\/uploads\/2023\/05\/Franjo-F..jpg 1024w, https:\/\/www.arhivsa.ba\/wordpress\/wp-content\/uploads\/2023\/05\/Franjo-F.-300x200.jpg 300w, https:\/\/www.arhivsa.ba\/wordpress\/wp-content\/uploads\/2023\/05\/Franjo-F.-768x512.jpg 768w, https:\/\/www.arhivsa.ba\/wordpress\/wp-content\/uploads\/2023\/05\/Franjo-F.-225x150.jpg 225w, https:\/\/www.arhivsa.ba\/wordpress\/wp-content\/uploads\/2023\/05\/Franjo-F.-150x100.jpg 150w\" sizes=\"auto, (max-width: 1024px) 100vw, 1024px\" \/><\/a><\/figure>\n\n\n\n<figure class=\"wp-block-image size-large\"><a href=\"http:\/\/www.arhivsa.ba\/wordpress\/wp-content\/uploads\/2023\/05\/Krune.jpg\"><img loading=\"lazy\" decoding=\"async\" width=\"1024\" height=\"683\" data-id=\"5900\" src=\"http:\/\/www.arhivsa.ba\/wordpress\/wp-content\/uploads\/2023\/05\/Krune.jpg\" alt=\"\" class=\"wp-image-5900\" srcset=\"https:\/\/www.arhivsa.ba\/wordpress\/wp-content\/uploads\/2023\/05\/Krune.jpg 1024w, https:\/\/www.arhivsa.ba\/wordpress\/wp-content\/uploads\/2023\/05\/Krune-300x200.jpg 300w, https:\/\/www.arhivsa.ba\/wordpress\/wp-content\/uploads\/2023\/05\/Krune-768x512.jpg 768w, https:\/\/www.arhivsa.ba\/wordpress\/wp-content\/uploads\/2023\/05\/Krune-225x150.jpg 225w, https:\/\/www.arhivsa.ba\/wordpress\/wp-content\/uploads\/2023\/05\/Krune-150x100.jpg 150w\" sizes=\"auto, (max-width: 1024px) 100vw, 1024px\" \/><\/a><\/figure>\n\n\n\n<figure class=\"wp-block-image size-large\"><a href=\"http:\/\/www.arhivsa.ba\/wordpress\/wp-content\/uploads\/2023\/05\/Instrumenti-KAunica.jpg\"><img loading=\"lazy\" decoding=\"async\" width=\"1024\" height=\"683\" data-id=\"5901\" src=\"http:\/\/www.arhivsa.ba\/wordpress\/wp-content\/uploads\/2023\/05\/Instrumenti-KAunica.jpg\" alt=\"\" class=\"wp-image-5901\" srcset=\"https:\/\/www.arhivsa.ba\/wordpress\/wp-content\/uploads\/2023\/05\/Instrumenti-KAunica.jpg 1024w, https:\/\/www.arhivsa.ba\/wordpress\/wp-content\/uploads\/2023\/05\/Instrumenti-KAunica-300x200.jpg 300w, https:\/\/www.arhivsa.ba\/wordpress\/wp-content\/uploads\/2023\/05\/Instrumenti-KAunica-768x512.jpg 768w, https:\/\/www.arhivsa.ba\/wordpress\/wp-content\/uploads\/2023\/05\/Instrumenti-KAunica-225x150.jpg 225w, https:\/\/www.arhivsa.ba\/wordpress\/wp-content\/uploads\/2023\/05\/Instrumenti-KAunica-150x100.jpg 150w\" sizes=\"auto, (max-width: 1024px) 100vw, 1024px\" \/><\/a><\/figure>\n\n\n\n<figure class=\"wp-block-image size-large\"><a href=\"http:\/\/www.arhivsa.ba\/wordpress\/wp-content\/uploads\/2023\/05\/Knjiga.jpg\"><img loading=\"lazy\" decoding=\"async\" width=\"1024\" height=\"683\" data-id=\"5902\" src=\"http:\/\/www.arhivsa.ba\/wordpress\/wp-content\/uploads\/2023\/05\/Knjiga.jpg\" alt=\"\" class=\"wp-image-5902\" srcset=\"https:\/\/www.arhivsa.ba\/wordpress\/wp-content\/uploads\/2023\/05\/Knjiga.jpg 1024w, https:\/\/www.arhivsa.ba\/wordpress\/wp-content\/uploads\/2023\/05\/Knjiga-300x200.jpg 300w, https:\/\/www.arhivsa.ba\/wordpress\/wp-content\/uploads\/2023\/05\/Knjiga-768x512.jpg 768w, https:\/\/www.arhivsa.ba\/wordpress\/wp-content\/uploads\/2023\/05\/Knjiga-225x150.jpg 225w, https:\/\/www.arhivsa.ba\/wordpress\/wp-content\/uploads\/2023\/05\/Knjiga-150x100.jpg 150w\" sizes=\"auto, (max-width: 1024px) 100vw, 1024px\" \/><\/a><\/figure>\n\n\n\n<figure class=\"wp-block-image size-large\"><a href=\"http:\/\/www.arhivsa.ba\/wordpress\/wp-content\/uploads\/2023\/05\/Ulje-na-platnu.jpg\"><img loading=\"lazy\" decoding=\"async\" width=\"1024\" height=\"683\" data-id=\"5903\" src=\"http:\/\/www.arhivsa.ba\/wordpress\/wp-content\/uploads\/2023\/05\/Ulje-na-platnu.jpg\" alt=\"\" class=\"wp-image-5903\" srcset=\"https:\/\/www.arhivsa.ba\/wordpress\/wp-content\/uploads\/2023\/05\/Ulje-na-platnu.jpg 1024w, https:\/\/www.arhivsa.ba\/wordpress\/wp-content\/uploads\/2023\/05\/Ulje-na-platnu-300x200.jpg 300w, https:\/\/www.arhivsa.ba\/wordpress\/wp-content\/uploads\/2023\/05\/Ulje-na-platnu-768x512.jpg 768w, https:\/\/www.arhivsa.ba\/wordpress\/wp-content\/uploads\/2023\/05\/Ulje-na-platnu-225x150.jpg 225w, https:\/\/www.arhivsa.ba\/wordpress\/wp-content\/uploads\/2023\/05\/Ulje-na-platnu-150x100.jpg 150w\" sizes=\"auto, (max-width: 1024px) 100vw, 1024px\" \/><\/a><\/figure>\n\n\n\n<figure class=\"wp-block-image size-large\"><a href=\"http:\/\/www.arhivsa.ba\/wordpress\/wp-content\/uploads\/2023\/05\/Stampa.jpg\"><img loading=\"lazy\" decoding=\"async\" width=\"1024\" height=\"683\" data-id=\"5904\" src=\"http:\/\/www.arhivsa.ba\/wordpress\/wp-content\/uploads\/2023\/05\/Stampa.jpg\" alt=\"\" class=\"wp-image-5904\" srcset=\"https:\/\/www.arhivsa.ba\/wordpress\/wp-content\/uploads\/2023\/05\/Stampa.jpg 1024w, https:\/\/www.arhivsa.ba\/wordpress\/wp-content\/uploads\/2023\/05\/Stampa-300x200.jpg 300w, https:\/\/www.arhivsa.ba\/wordpress\/wp-content\/uploads\/2023\/05\/Stampa-768x512.jpg 768w, https:\/\/www.arhivsa.ba\/wordpress\/wp-content\/uploads\/2023\/05\/Stampa-225x150.jpg 225w, https:\/\/www.arhivsa.ba\/wordpress\/wp-content\/uploads\/2023\/05\/Stampa-150x100.jpg 150w\" sizes=\"auto, (max-width: 1024px) 100vw, 1024px\" \/><\/a><\/figure>\n\n\n\n<figure class=\"wp-block-image size-large\"><a href=\"http:\/\/www.arhivsa.ba\/wordpress\/wp-content\/uploads\/2023\/05\/Postavka-1.jpg\"><img loading=\"lazy\" decoding=\"async\" width=\"1024\" height=\"683\" data-id=\"5905\" src=\"http:\/\/www.arhivsa.ba\/wordpress\/wp-content\/uploads\/2023\/05\/Postavka-1.jpg\" alt=\"\" class=\"wp-image-5905\" srcset=\"https:\/\/www.arhivsa.ba\/wordpress\/wp-content\/uploads\/2023\/05\/Postavka-1.jpg 1024w, https:\/\/www.arhivsa.ba\/wordpress\/wp-content\/uploads\/2023\/05\/Postavka-1-300x200.jpg 300w, https:\/\/www.arhivsa.ba\/wordpress\/wp-content\/uploads\/2023\/05\/Postavka-1-768x512.jpg 768w, https:\/\/www.arhivsa.ba\/wordpress\/wp-content\/uploads\/2023\/05\/Postavka-1-225x150.jpg 225w, https:\/\/www.arhivsa.ba\/wordpress\/wp-content\/uploads\/2023\/05\/Postavka-1-150x100.jpg 150w\" sizes=\"auto, (max-width: 1024px) 100vw, 1024px\" \/><\/a><\/figure>\n\n\n\n<figure class=\"wp-block-image size-large\"><a href=\"http:\/\/www.arhivsa.ba\/wordpress\/wp-content\/uploads\/2023\/05\/Zujo-V..jpg\"><img loading=\"lazy\" decoding=\"async\" width=\"1024\" height=\"683\" data-id=\"5906\" src=\"http:\/\/www.arhivsa.ba\/wordpress\/wp-content\/uploads\/2023\/05\/Zujo-V..jpg\" alt=\"\" class=\"wp-image-5906\" srcset=\"https:\/\/www.arhivsa.ba\/wordpress\/wp-content\/uploads\/2023\/05\/Zujo-V..jpg 1024w, https:\/\/www.arhivsa.ba\/wordpress\/wp-content\/uploads\/2023\/05\/Zujo-V.-300x200.jpg 300w, https:\/\/www.arhivsa.ba\/wordpress\/wp-content\/uploads\/2023\/05\/Zujo-V.-768x512.jpg 768w, https:\/\/www.arhivsa.ba\/wordpress\/wp-content\/uploads\/2023\/05\/Zujo-V.-225x150.jpg 225w, https:\/\/www.arhivsa.ba\/wordpress\/wp-content\/uploads\/2023\/05\/Zujo-V.-150x100.jpg 150w\" sizes=\"auto, (max-width: 1024px) 100vw, 1024px\" \/><\/a><\/figure>\n<\/figure>\n","protected":false},"excerpt":{"rendered":"<p>Dana 17. maja 2023. godine otvorena je izlo\u017eba \u201eSarajevski atentat\u201c autora Valerijana \u017duje u prostoru Bo\u0161nja\u010dkog instituta u Sarajevu. Organizatori izlo\u017ebe su Nacionalna i univerzitetska biblioteka Bosne i Hercegovine i Bo\u0161nja\u010dki institut \u2013 Fondacija Adila Zulfikarpa\u0161i\u0107a. JU Historijski arhiv Sarajevo je dao svoj doprinos u realizaciji ove izlo\u017ebe ustupaju\u0107i va\u017enu arhivsku gra\u0111u za njenu postavku, uz druge ba\u0161tinske ustanove koje su tako\u0111er u\u010destvovale: Arhiv Bosne i Hercegovine, Umjetni\u010dka galerija Bosne i Hercegovine,&#8230; <a class=\"continue-reading-link\" href=\"https:\/\/www.arhivsa.ba\/wordpress\/?p=5898\">Vi\u0161e<\/a><\/p>\n","protected":false},"author":1,"featured_media":5900,"comment_status":"closed","ping_status":"closed","sticky":false,"template":"","format":"standard","meta":{"_uf_show_specific_survey":0,"_uf_disable_surveys":false,"ngg_post_thumbnail":0,"footnotes":""},"categories":[3],"tags":[224,22,219,226,222,225,30,10,9,12,221,223],"class_list":["post-5898","post","type-post","status-publish","format-standard","has-post-thumbnail","hentry","category-vijesti","tag-224","tag-arhiv","tag-atentat","tag-austro-ugarska","tag-franz-ferdinand","tag-gavrilo-princip","tag-historija-sarajeva","tag-historijski-arhiv-sarajevo","tag-izlozba","tag-sarajevo","tag-sarajevski-atentat","tag-sofija-chotek"],"_links":{"self":[{"href":"https:\/\/www.arhivsa.ba\/wordpress\/index.php?rest_route=\/wp\/v2\/posts\/5898","targetHints":{"allow":["GET"]}}],"collection":[{"href":"https:\/\/www.arhivsa.ba\/wordpress\/index.php?rest_route=\/wp\/v2\/posts"}],"about":[{"href":"https:\/\/www.arhivsa.ba\/wordpress\/index.php?rest_route=\/wp\/v2\/types\/post"}],"author":[{"embeddable":true,"href":"https:\/\/www.arhivsa.ba\/wordpress\/index.php?rest_route=\/wp\/v2\/users\/1"}],"replies":[{"embeddable":true,"href":"https:\/\/www.arhivsa.ba\/wordpress\/index.php?rest_route=%2Fwp%2Fv2%2Fcomments&post=5898"}],"version-history":[{"count":10,"href":"https:\/\/www.arhivsa.ba\/wordpress\/index.php?rest_route=\/wp\/v2\/posts\/5898\/revisions"}],"predecessor-version":[{"id":5918,"href":"https:\/\/www.arhivsa.ba\/wordpress\/index.php?rest_route=\/wp\/v2\/posts\/5898\/revisions\/5918"}],"wp:featuredmedia":[{"embeddable":true,"href":"https:\/\/www.arhivsa.ba\/wordpress\/index.php?rest_route=\/wp\/v2\/media\/5900"}],"wp:attachment":[{"href":"https:\/\/www.arhivsa.ba\/wordpress\/index.php?rest_route=%2Fwp%2Fv2%2Fmedia&parent=5898"}],"wp:term":[{"taxonomy":"category","embeddable":true,"href":"https:\/\/www.arhivsa.ba\/wordpress\/index.php?rest_route=%2Fwp%2Fv2%2Fcategories&post=5898"},{"taxonomy":"post_tag","embeddable":true,"href":"https:\/\/www.arhivsa.ba\/wordpress\/index.php?rest_route=%2Fwp%2Fv2%2Ftags&post=5898"}],"curies":[{"name":"wp","href":"https:\/\/api.w.org\/{rel}","templated":true}]}}