{"id":5011,"date":"2021-07-12T13:24:03","date_gmt":"2021-07-12T11:24:03","guid":{"rendered":"http:\/\/www.arhivsa.ba\/wordpress\/?p=5011"},"modified":"2024-05-23T12:37:33","modified_gmt":"2024-05-23T10:37:33","slug":"historijski-arhiv-sarajevo-u-srebrenici","status":"publish","type":"post","link":"https:\/\/www.arhivsa.ba\/wordpress\/?p=5011","title":{"rendered":"Historijski arhiv Sarajevo u Srebrenici"},"content":{"rendered":"\n<p>JU Historijski arhiv Sarajevo, odnosno, delegacija ove Ustanove predvo\u0111ena v.d. direktorom Harisom Zaimovi\u0107em odazvala se pozivu Memorijalnog centra Srebrenica za prisustvovanje zvani\u010dnom otvaranju arhiva Memorijalnog centra Srebrenica koje je odr\u017eano 9. jula 2021. godine.<\/p>\n\n\n\n<p>Sam program otvaranja Arhiva zapo\u010deo je u 11.00 sati, a u programu otvaranja obratili su se slijede\u0107i govornici:<\/p>\n\n\n\n<p>-dr. Emir Suljagi\u0107, direktor Memorijalnog centra Srebrenica,<\/p>\n\n\n\n<p>-Njegova ekselencija g. Reinout Vos, ambasador Holandije u Bosni i Hercegovini,<\/p>\n\n\n\n<p>-g. Csaba Szil\u00e1gyi, voditelj programa za ljudska prava \/ vd glavnog arhivara Arhiva otvorenog dru\u0161tva Vera i Donald Blinken (Budimpe\u0161ta, Ma\u0111arska),<\/p>\n\n\n\n<p>-g. David Rohde, autor knjige \u201eKraj igre. Izdaja i pad Srebrenice\u201c \/online obra\u0107anje\/ (USA),<\/p>\n\n\n\n<p>-g\u0111a. Nata\u0161a Kandi\u0107, direktorica Fonda za humanitarno pravo (Beograd, Srbija),<\/p>\n\n\n\n<p>-g. Dion van den Berg, vo\u0111a tima za Evropu u PAX-u (Holandija).<\/p>\n\n\n\n<p>Moderator programa otvaranja bio je Azir Osmanovi\u0107.<\/p>\n\n\n\n<p>Misija i cilj osnivanja ovog Arhiva jeste da osna\u017ei klju\u010dnu misiju Memorijalnog centra Srebrenica: kreiranje faktografske i kontekstualne, dokumentarne baze i za\u0161tita istine o genocidu u Srebrenici 1995. godine. Pomo\u0107i \u0107e saradnji izme\u0111u porodica \u017ertava i uklju\u010denih zajednica sa nau\u010dnicima i novinarima koji se bave istra\u017eivanjem genocida. Od ogromne je va\u017enosti da dokumenti, fotografije, audio-vizuelni zapisi i materijalni ostaci koji svjedo\u010de o genocidu budu sakupljeni i dostupni u Memorijalnom centru Srebrenica kao mjestu zlo\u010dina. Arhiv \u0107e, osim ovoga, nastojati da prikupi kopije postoje\u0107ih kolekcija od drugih imalaca i da prikupi dodatne izvore i dokumente za istra\u017eivanja.<\/p>\n\n\n\n<p>Razvoj Arhiva je zajedni\u010dki projekat Memorijalnog centra Srebrenica, Blinken OSA \u2013 Vera and Donald Blinken Open Society Archives i PAX for Peace (mirovna organizacija iz Holandije).<\/p>\n\n\n\n<p>U okviru ove posjete, delegacija Historijskog arhiva Sarajevo obi\u0161la je cijeli kompleks Memorijalnog centra, muzejsku postavku, te aktuelne izlo\u017ebene postavke povodom ovogodi\u0161njeg obilje\u017eavanja genocida u Srebrenici, Poto\u010darima. Tako\u0111er, obi\u0161li su i mezarje stradalih, te polo\u017eili cvije\u0107e kod spomen-obilje\u017eja.<\/p>\n\n\n\nngg_shortcode_0_placeholder\n","protected":false},"excerpt":{"rendered":"<p>JU Historijski arhiv Sarajevo, odnosno, delegacija ove Ustanove predvo\u0111ena v.d. direktorom Harisom Zaimovi\u0107em odazvala se pozivu Memorijalnog centra Srebrenica za prisustvovanje zvani\u010dnom otvaranju arhiva Memorijalnog centra Srebrenica koje je odr\u017eano 9. jula 2021. godine. Sam program otvaranja Arhiva zapo\u010deo je u 11.00 sati, a u programu otvaranja obratili su se slijede\u0107i govornici: -dr. Emir Suljagi\u0107, direktor Memorijalnog centra Srebrenica, -Njegova ekselencija g. Reinout Vos, ambasador Holandije u Bosni i Hercegovini, -g. Csaba&#8230; <a class=\"continue-reading-link\" href=\"https:\/\/www.arhivsa.ba\/wordpress\/?p=5011\">Vi\u0161e<\/a><\/p>\n","protected":false},"author":1,"featured_media":0,"comment_status":"closed","ping_status":"closed","sticky":false,"template":"","format":"standard","meta":{"_uf_show_specific_survey":0,"_uf_disable_surveys":false,"ngg_post_thumbnail":0,"footnotes":""},"categories":[3],"tags":[],"class_list":["post-5011","post","type-post","status-publish","format-standard","hentry","category-vijesti"],"_links":{"self":[{"href":"https:\/\/www.arhivsa.ba\/wordpress\/index.php?rest_route=\/wp\/v2\/posts\/5011","targetHints":{"allow":["GET"]}}],"collection":[{"href":"https:\/\/www.arhivsa.ba\/wordpress\/index.php?rest_route=\/wp\/v2\/posts"}],"about":[{"href":"https:\/\/www.arhivsa.ba\/wordpress\/index.php?rest_route=\/wp\/v2\/types\/post"}],"author":[{"embeddable":true,"href":"https:\/\/www.arhivsa.ba\/wordpress\/index.php?rest_route=\/wp\/v2\/users\/1"}],"replies":[{"embeddable":true,"href":"https:\/\/www.arhivsa.ba\/wordpress\/index.php?rest_route=%2Fwp%2Fv2%2Fcomments&post=5011"}],"version-history":[{"count":3,"href":"https:\/\/www.arhivsa.ba\/wordpress\/index.php?rest_route=\/wp\/v2\/posts\/5011\/revisions"}],"predecessor-version":[{"id":6694,"href":"https:\/\/www.arhivsa.ba\/wordpress\/index.php?rest_route=\/wp\/v2\/posts\/5011\/revisions\/6694"}],"wp:attachment":[{"href":"https:\/\/www.arhivsa.ba\/wordpress\/index.php?rest_route=%2Fwp%2Fv2%2Fmedia&parent=5011"}],"wp:term":[{"taxonomy":"category","embeddable":true,"href":"https:\/\/www.arhivsa.ba\/wordpress\/index.php?rest_route=%2Fwp%2Fv2%2Fcategories&post=5011"},{"taxonomy":"post_tag","embeddable":true,"href":"https:\/\/www.arhivsa.ba\/wordpress\/index.php?rest_route=%2Fwp%2Fv2%2Ftags&post=5011"}],"curies":[{"name":"wp","href":"https:\/\/api.w.org\/{rel}","templated":true}]}}