{"id":7558,"date":"2025-06-04T10:33:14","date_gmt":"2025-06-04T08:33:14","guid":{"rendered":"http:\/\/www.arhivsa.ba\/wordpress\/?p=7558"},"modified":"2025-06-10T09:20:21","modified_gmt":"2025-06-10T07:20:21","slug":"arhiv-obiljezava-medunarodni-dan-arhiva-9-juni","status":"publish","type":"post","link":"http:\/\/www.arhivsa.ba\/wordpress\/?p=7558","title":{"rendered":"Arhiv obilje\u017eava Me\u0111unarodni dan arhiva &#8211; 9. juni"},"content":{"rendered":"\n<p>Povodom Me\u0111unarodnog dana arhiva, 9. juna, i u okviru Me\u0111unarodne sedmice arhiva, JU Historijski arhiv Sarajevo \u0107e predstaviti javnosti novu izlo\u017ebu \u00a0<strong><em>Femme Archival <\/em>\u2013 \u017denski glasovi iz arhiva<\/strong>, autorica Almire Aliba\u0161i\u0107 i Elme Dervi\u0161begovi\u0107, vi\u0161ih arhivistica Historijskog arhiva Sarajevo. Izlo\u017eba se otvara u <strong>ponedjeljak, 9. juna 2025. godine u 13:00<\/strong>\u00a0<strong>h<\/strong>\u00a0u prostoru Brusa bezistana, depandansa Muzeja Sarajeva, na adresi Abad\u017eiluk 10.\u00a0<\/p>\n\n\n\n<p>Izlo\u017eba govori o \u017eenama \u010diji su \u017eivoti, djela i glasovi sa\u010duvani u arhivskoj gra\u0111i. Uz ovogodi\u0161nju me\u0111unarodnu manifestaciju svjetskih arhiva i njen vode\u0107i moto \u2013 <em>Archives are Accessible\/Archives for Everyone<\/em> &#8211; <em>Arhivi su dostupni\/Arhivi za sve<\/em>, izlo\u017eba donosi presjek \u017eenskog prisustva u arhivu \u2014 kroz dokumente, rukopise, oporuke, pisma, potvrde, domovnice, memoare, drame, pjesme, novinske zapise, slu\u017ebene dokumente i druge spise koji svjedo\u010de o slojevitim ulogama koje su \u017eene imale u pro\u0161losti, ali i o njihovoj borbi da o\u010duvaju svoje mjesto u dru\u0161tvenom, pravnom i kulturnom prostoru Sarajeva. Koncipirana u dvije tematske cjeline, izlo\u017eba s jedne strane prikazuje \u017eene u osmanskom Sarajevu kroz gra\u0111u iz Orijentalne zbirke, a s druge donosi portrete pet istaknutih \u017eena iz novije pro\u0161losti kroz izlaganje dokumenata iz njihovih li\u010dnih fondova.<\/p>\n\n\n\n<p>Kao \u010dlan Me\u0111unarodnog arhivskog vije\u0107a (<em>International Council on Archives<\/em> \/ <em>ICA<\/em>), JU Historijski arhiv Sarajevo se na ovaj na\u010din pridru\u017euje velikoj porodici svjetskih arhiva koji koriste ovu Sedmicu arhiva i Me\u0111unarodni dan arhiva da kroz svoje aktivnosti skrenu pa\u017enju javnosti na svoje djelovanje i zna\u010dajnu ulogu u dru\u0161tvu.<\/p>\n\n\n\n<p>Iz autorskog teksta o izlo\u017ebi:<\/p>\n\n\n\n<p><em>\u201c<\/em><strong><em>Femme Archival <\/em><\/strong><strong><em>\u2013 \u017denski glasovi iz arhiva<\/em><\/strong><em> otvara prostor za dublje razumijevanje \u017eenske pro\u0161losti, ne kao zabilje\u0161ke na marginama, ve\u0107 kao sredi\u0161njeg dijela dru\u0161tvenog pam\u0107enja. Dokumenti koje predstavljamo nisu samo svjedo\u010danstva o pojedincima, ve\u0107 i dokaz o opstanku \u017eenskog iskustva u arhivu \u2014 tihog, ali postojanog. Cilj izlo\u017ebe nije samo prezentacija historijskih dokumenata i \u017eenskih fondova, ve\u0107 i podsticanje promi\u0161ljanja o historijskoj ulozi \u017eene, njenim pravima i borbi za ravnopravnost kroz arhivski materijal koji nadilazi vremenske okvire i otvara prostor za savremene refleksije. <\/em><em>Cilj je i predstaviti arhivske dokumente i fondove \u017eenske provenijencije u Historijskom arhivu Sarajevo, kao primarne historijske izvore, koji mogu biti kori\u0161teni za istra\u017eivanja u kontekstu \u017eenskih studija, kao i za sva ostala istra\u017eivanja, jer svi ovi dokumenti pri\u010daju pri\u010de, otvaraju pristup \u017eenskom do\u017eivljaju i iskustvu \u017eivota i svijeta&#8230;<\/em><em>.\u201c<\/em><\/p>\n\n\n\n<p>Izlo\u017eba \u0107e biti dostupna za javnost u\u00a0<strong>Brusa bezistanu\u00a0<\/strong><strong>od<\/strong>\u00a0<strong>09. do\u00a017. juna<\/strong>, u vremenu od\u00a0<strong>9:00 do 17:00 sati<\/strong>. Izra\u017eavmo jo\u0161 jednom zahvalnost Muzeju Sarajeva za ustupljeni prostor za na\u0161u izlo\u017ebu.<\/p>\n\n\n\n<figure class=\"wp-block-image size-large\"><a href=\"http:\/\/www.arhivsa.ba\/wordpress\/wp-content\/uploads\/2025\/06\/17-NAJAVNI-PLAKAT-w-scaled.jpg\"><img loading=\"lazy\" decoding=\"async\" width=\"796\" height=\"1024\" src=\"http:\/\/www.arhivsa.ba\/wordpress\/wp-content\/uploads\/2025\/06\/17-NAJAVNI-PLAKAT-w-796x1024.jpg\" alt=\"\" class=\"wp-image-7559\" srcset=\"http:\/\/www.arhivsa.ba\/wordpress\/wp-content\/uploads\/2025\/06\/17-NAJAVNI-PLAKAT-w-796x1024.jpg 796w, http:\/\/www.arhivsa.ba\/wordpress\/wp-content\/uploads\/2025\/06\/17-NAJAVNI-PLAKAT-w-233x300.jpg 233w, http:\/\/www.arhivsa.ba\/wordpress\/wp-content\/uploads\/2025\/06\/17-NAJAVNI-PLAKAT-w-768x988.jpg 768w, http:\/\/www.arhivsa.ba\/wordpress\/wp-content\/uploads\/2025\/06\/17-NAJAVNI-PLAKAT-w-1194x1536.jpg 1194w, http:\/\/www.arhivsa.ba\/wordpress\/wp-content\/uploads\/2025\/06\/17-NAJAVNI-PLAKAT-w-1593x2048.jpg 1593w, http:\/\/www.arhivsa.ba\/wordpress\/wp-content\/uploads\/2025\/06\/17-NAJAVNI-PLAKAT-w-117x150.jpg 117w, http:\/\/www.arhivsa.ba\/wordpress\/wp-content\/uploads\/2025\/06\/17-NAJAVNI-PLAKAT-w-scaled.jpg 1991w\" sizes=\"auto, (max-width: 796px) 100vw, 796px\" \/><\/a><\/figure>\n","protected":false},"excerpt":{"rendered":"<p>Povodom Me\u0111unarodnog dana arhiva, 9. juna, i u okviru Me\u0111unarodne sedmice arhiva, JU Historijski arhiv Sarajevo \u0107e predstaviti javnosti novu izlo\u017ebu \u00a0Femme Archival \u2013 \u017denski glasovi iz arhiva, autorica Almire Aliba\u0161i\u0107 i Elme Dervi\u0161begovi\u0107, vi\u0161ih arhivistica Historijskog arhiva Sarajevo. Izlo\u017eba se otvara u ponedjeljak, 9. juna 2025. godine u 13:00\u00a0h\u00a0u prostoru Brusa bezistana, depandansa Muzeja Sarajeva, na adresi Abad\u017eiluk 10.\u00a0 Izlo\u017eba govori o \u017eenama \u010diji su \u017eivoti, djela i glasovi sa\u010duvani u&#8230; <a class=\"continue-reading-link\" href=\"http:\/\/www.arhivsa.ba\/wordpress\/?p=7558\">Vi\u0161e<\/a><\/p>\n","protected":false},"author":1,"featured_media":7600,"comment_status":"closed","ping_status":"closed","sticky":false,"template":"","format":"standard","meta":{"_uf_show_specific_survey":0,"_uf_disable_surveys":false,"ngg_post_thumbnail":0,"footnotes":""},"categories":[3],"tags":[],"class_list":["post-7558","post","type-post","status-publish","format-standard","has-post-thumbnail","hentry","category-vijesti"],"_links":{"self":[{"href":"http:\/\/www.arhivsa.ba\/wordpress\/index.php?rest_route=\/wp\/v2\/posts\/7558","targetHints":{"allow":["GET"]}}],"collection":[{"href":"http:\/\/www.arhivsa.ba\/wordpress\/index.php?rest_route=\/wp\/v2\/posts"}],"about":[{"href":"http:\/\/www.arhivsa.ba\/wordpress\/index.php?rest_route=\/wp\/v2\/types\/post"}],"author":[{"embeddable":true,"href":"http:\/\/www.arhivsa.ba\/wordpress\/index.php?rest_route=\/wp\/v2\/users\/1"}],"replies":[{"embeddable":true,"href":"http:\/\/www.arhivsa.ba\/wordpress\/index.php?rest_route=%2Fwp%2Fv2%2Fcomments&post=7558"}],"version-history":[{"count":1,"href":"http:\/\/www.arhivsa.ba\/wordpress\/index.php?rest_route=\/wp\/v2\/posts\/7558\/revisions"}],"predecessor-version":[{"id":7561,"href":"http:\/\/www.arhivsa.ba\/wordpress\/index.php?rest_route=\/wp\/v2\/posts\/7558\/revisions\/7561"}],"wp:featuredmedia":[{"embeddable":true,"href":"http:\/\/www.arhivsa.ba\/wordpress\/index.php?rest_route=\/wp\/v2\/media\/7600"}],"wp:attachment":[{"href":"http:\/\/www.arhivsa.ba\/wordpress\/index.php?rest_route=%2Fwp%2Fv2%2Fmedia&parent=7558"}],"wp:term":[{"taxonomy":"category","embeddable":true,"href":"http:\/\/www.arhivsa.ba\/wordpress\/index.php?rest_route=%2Fwp%2Fv2%2Fcategories&post=7558"},{"taxonomy":"post_tag","embeddable":true,"href":"http:\/\/www.arhivsa.ba\/wordpress\/index.php?rest_route=%2Fwp%2Fv2%2Ftags&post=7558"}],"curies":[{"name":"wp","href":"https:\/\/api.w.org\/{rel}","templated":true}]}}