{"id":7318,"date":"2025-03-20T15:35:34","date_gmt":"2025-03-20T13:35:34","guid":{"rendered":"http:\/\/www.arhivsa.ba\/wordpress\/?p=7318"},"modified":"2025-03-20T15:45:25","modified_gmt":"2025-03-20T13:45:25","slug":"arhiv-posjetili-gosti-iz-prijepolja","status":"publish","type":"post","link":"http:\/\/www.arhivsa.ba\/wordpress\/?p=7318","title":{"rendered":"Arhiv posjetili gosti iz Prijepolja"},"content":{"rendered":"\n<p class=\"wp-block-paragraph\">Danas je Arhiv posjetila delegacija iz Prijepolja, Republika Srbija, koju su \u010dinili v.d. direktorica Biblioteke \u201eVuk Karad\u017ei\u0107\u201c Prijepolje, Kamala Ka\u0161i\u0107, njena saradnica Hadija Krije\u0161torac i pomo\u0107nik predsjednika Op\u0161tine Prijepolje Dino Ba\u0161ovi\u0107. Goste je do\u010dekala direktorica Historijskog arhiva Sarajevo Ismeta D\u017eigal Berkovac, sa saradnicima. Posjeta je uprili\u010dena u sklopu aktivnosti na projektu \u201eLjudi, vrednosti i dela koja nas povezuju\u201c, a koji Biblioteka organizuje uz podr\u0161ku Op\u0161tine Prijepolje i finansijsku podr\u0161ku Kabineta ministra bez portfelja zadu\u017eenog za pomirenje, regionalnu saradnju i dru\u0161tvenu stabilnost Republike Srbije. Projekat je koncipiran tako da u toku njegove realizacije, kao rezultat aktivnosti, do\u0111e do kreiranja ve\u0107ih potencijala za saradnju izme\u0111u ba\u0161tinskih institucija i pojedinaca iz sfere nauke, kulture i umetnosti sa prostora Srbije, Bosne i Hercegovine i Crne Gore. Historijski arhiv Sarajevo se odazvao pozivu za u\u010de\u0161\u0107e u ovom projektu, a o detaljima za njegovu dalju realizaciju razgovarano je na dana\u0161njem susretu.<\/p>\n\n\n\n<p class=\"wp-block-paragraph\"><em>Foto: HAS<\/em><\/p>\n\n\n\nngg_shortcode_0_placeholder\n","protected":false},"excerpt":{"rendered":"<p>Danas je Arhiv posjetila delegacija iz Prijepolja, Republika Srbija, koju su \u010dinili v.d. direktorica Biblioteke \u201eVuk Karad\u017ei\u0107\u201c Prijepolje, Kamala Ka\u0161i\u0107, njena saradnica Hadija Krije\u0161torac i pomo\u0107nik predsjednika Op\u0161tine Prijepolje Dino Ba\u0161ovi\u0107. Goste je do\u010dekala direktorica Historijskog arhiva Sarajevo Ismeta D\u017eigal Berkovac, sa saradnicima. Posjeta je uprili\u010dena u sklopu aktivnosti na projektu \u201eLjudi, vrednosti i dela koja nas povezuju\u201c, a koji Biblioteka organizuje uz podr\u0161ku Op\u0161tine Prijepolje i finansijsku podr\u0161ku Kabineta ministra bez&#8230; <a class=\"continue-reading-link\" href=\"http:\/\/www.arhivsa.ba\/wordpress\/?p=7318\">Vi\u0161e<\/a><\/p>\n","protected":false},"author":1,"featured_media":7320,"comment_status":"closed","ping_status":"closed","sticky":false,"template":"","format":"standard","meta":{"_uf_show_specific_survey":0,"_uf_disable_surveys":false,"ngg_post_thumbnail":0,"footnotes":""},"categories":[3],"tags":[],"class_list":["post-7318","post","type-post","status-publish","format-standard","has-post-thumbnail","hentry","category-vijesti"],"_links":{"self":[{"href":"http:\/\/www.arhivsa.ba\/wordpress\/index.php?rest_route=\/wp\/v2\/posts\/7318","targetHints":{"allow":["GET"]}}],"collection":[{"href":"http:\/\/www.arhivsa.ba\/wordpress\/index.php?rest_route=\/wp\/v2\/posts"}],"about":[{"href":"http:\/\/www.arhivsa.ba\/wordpress\/index.php?rest_route=\/wp\/v2\/types\/post"}],"author":[{"embeddable":true,"href":"http:\/\/www.arhivsa.ba\/wordpress\/index.php?rest_route=\/wp\/v2\/users\/1"}],"replies":[{"embeddable":true,"href":"http:\/\/www.arhivsa.ba\/wordpress\/index.php?rest_route=%2Fwp%2Fv2%2Fcomments&post=7318"}],"version-history":[{"count":2,"href":"http:\/\/www.arhivsa.ba\/wordpress\/index.php?rest_route=\/wp\/v2\/posts\/7318\/revisions"}],"predecessor-version":[{"id":7322,"href":"http:\/\/www.arhivsa.ba\/wordpress\/index.php?rest_route=\/wp\/v2\/posts\/7318\/revisions\/7322"}],"wp:featuredmedia":[{"embeddable":true,"href":"http:\/\/www.arhivsa.ba\/wordpress\/index.php?rest_route=\/wp\/v2\/media\/7320"}],"wp:attachment":[{"href":"http:\/\/www.arhivsa.ba\/wordpress\/index.php?rest_route=%2Fwp%2Fv2%2Fmedia&parent=7318"}],"wp:term":[{"taxonomy":"category","embeddable":true,"href":"http:\/\/www.arhivsa.ba\/wordpress\/index.php?rest_route=%2Fwp%2Fv2%2Fcategories&post=7318"},{"taxonomy":"post_tag","embeddable":true,"href":"http:\/\/www.arhivsa.ba\/wordpress\/index.php?rest_route=%2Fwp%2Fv2%2Ftags&post=7318"}],"curies":[{"name":"wp","href":"https:\/\/api.w.org\/{rel}","templated":true}]}}