{"id":5838,"date":"2023-04-27T13:46:46","date_gmt":"2023-04-27T11:46:46","guid":{"rendered":"http:\/\/www.arhivsa.ba\/wordpress\/?p=5838"},"modified":"2023-05-04T20:45:33","modified_gmt":"2023-05-04T18:45:33","slug":"pozivamo-vas-na-jubilej-75-godina-historijskog-arhiva-sarajevo","status":"publish","type":"post","link":"http:\/\/www.arhivsa.ba\/wordpress\/?p=5838","title":{"rendered":"Pozivamo Vas na jubilej -75 godina Historijskog arhiva Sarajevo!"},"content":{"rendered":"\n<p class=\"wp-block-paragraph\">Ove godine JU Historijski arhiv Sarajevo obilje\u017eava zna\u010dajan jubilej &#8211; <strong>75 godina od osnivanja<\/strong> i isto toliko godina vrijednog rada na prikupljanju i \u010duvanju arhivske gra\u0111e. Arhiv je osnovan <strong>3. maja 1948.<\/strong> godine Odlukom Narodnog odbora grada Sarajeva, a na samom po\u010detku bio je smje\u0161ten u dvije manje tavanske prostorije u zgradi Vije\u0107nice. Od po\u010detka svoga djelovanja, aktivno radi na lociranju, prikupljanju, \u010duvanju, stru\u010dnoj obradi, prezentaciji i publiciranju arhivske gra\u0111e. Ovaj 75-godi\u0161nji vijek djelovanja obilje\u017een je stalnim naporima za pobolj\u0161anje uslova \u010duvanja vrijedne arhivske gra\u0111e \u010dija koli\u010dina danas iznosi preko 11.000 du\u017enih metara ili preko 640 arhivskih fondova i zbirki, od kojih je tre\u0107ina progla\u0161ena za nacionalni spomenik Bosne i Hercegovine.<\/p>\n\n\n\n<p class=\"wp-block-paragraph\">Ovogodi\u0161nji jubilej obilje\u017eavamo cijele godine prigodnim manifestacijama, a <strong>centralni doga\u0111aj obilje\u017eavanja desi\u0107e se na samu godi\u0161njicu \u2013 3. maja 2023. godine.<\/strong> Tom prilikom predstavljamo <strong>izlo\u017ebu<\/strong> <strong><em>TUMA\u010c PRO\u0160LOSTI \u2013 Orijentalna zbirka Historijskog arhiva Sarajevo<\/em><\/strong>, autorice, vi\u0161e arhivistice Elme Dervi\u0161begovi\u0107.<strong> Izlo\u017ebom se predstavlja arhivska gra\u0111a iz Orijentalne zbirke i prvi referent za arhivsku gra\u0111u orijentalne provenijencije u Historijskom arhivu Sarajevo, arhivist Ra\u0161id Hajdarevi\u0107<\/strong>. Na\u0161a Orijentalna zbirka spada me\u0111u najzna\u010dajnije zbirke orijentalne arhivske gra\u0111e u jugoisto\u010dnoj Evropi, a broji preko 14.000 arhivskih jedinica. Obuhvata rukopise, dokumente i \u0161tampana djela na osmanskom, arapskom, perzijskom i bosanskom jeziku nastale u periodu osmanske i austrougarske uprave u Bosni i Hercegovini (1463-1918.). Orijentalna zbirka se sastoji od razli\u010ditih dokumenata, rukopisnih i \u0161tampanih knjiga, deftera, sid\u017eila, vakufnama, \u010dasopisa i geografskih karata.<\/p>\n\n\n\n<p class=\"wp-block-paragraph\">Prvi referent za arhivsku gra\u0111u i knjige na orijentalnim jezicima bio je <strong>Ra\u0161id Hajdarevi\u0107 (1914.-1980.)<\/strong> koji je predanim radom utemeljio, oblikovao i uspostavio cijelu ovu Zbirku. Osim rada na obradi i sre\u0111ivanju gra\u0111u, neupitan je njegov doprinos u istra\u017eivanju i sakupljanju materijala na orijentalnim jezicima prvenstveno u Sarajevu, ali i u drugim krajevima na\u0161e zemlje (Visoko, Zenica, Fo\u010da, Fojnica, Rogatica, itd.).<\/p>\n\n\n\n<p class=\"wp-block-paragraph\">_________________________________________<\/p>\n\n\n\n<p class=\"wp-block-paragraph\">Iz autorskog teksta o izlo\u017ebi:<\/p>\n\n\n\n<p class=\"wp-block-paragraph\">\u201eUprkos \u010dinjenici da i danas Orijentalna zbirka funkcionira na ovim temeljima, da su i nakon Hajdarevi\u0107a, sva informativna pomagala rukopis\u00e2 i dokumenat\u00e2 na orijentalnim jezicima nastajala na temeljima njegove klasifikacije ili makar \u0161turog opisa, o ovom arhivisti je bilo malo ili nimalo rije\u010di, ostao je izvan fokusa onih koji mu duguju najve\u0107u zahvalnost \u2013 histori\u010dara, osmanista i orijentalista. Imaju\u0107i u vidu na\u0161u sklonost ka zaboravljanju, postavljamo sebi cilj da ovom izlo\u017ebom podsjetimo kulturnu i nau\u010dnu javnost na \u017eivot i djelo Ra\u0161ida Hajdarevi\u0107a i doprinesemo boljem razumijevanju pisanog orijentalnog blaga koji se \u010duva u Arhivu.\u201c<\/p>\n\n\n\n<p class=\"wp-block-paragraph\">_________________________________________<\/p>\n\n\n\n<p class=\"wp-block-paragraph\">Jubilej JU Historijski arhiv Sarajevo i izlo\u017eba se organizira u saradnji sa Ministarstvom kulture i sporta Kantona Sarajevo, a ujedno je i dio programa <strong>Manifestacije \u201eDani Kantona Sarajevo\u201c koja traje od 02. do 09. maja 2023. godine.<\/strong><\/p>\n\n\n\n<p class=\"wp-block-paragraph\"><strong><u>Otvorenje izlo\u017ebe: 3. maj 2023. u 20:00 sati, Vije\u0107nica, Brodac 1, Sarajevo<\/u><\/strong><\/p>\n\n\n\n<p class=\"wp-block-paragraph\">Izlo\u017eba \u0107e biti dostupna za javnost od 03. do 09. maja, svaki dan od 09:00 do 17:00 sati.<\/p>\n\n\n\n<figure class=\"wp-block-image size-large is-resized\"><a href=\"http:\/\/www.arhivsa.ba\/wordpress\/wp-content\/uploads\/2023\/04\/NAJAVNI-PLAKAT-ELMA-w-scaled.jpg\"><img loading=\"lazy\" decoding=\"async\" src=\"http:\/\/www.arhivsa.ba\/wordpress\/wp-content\/uploads\/2023\/04\/NAJAVNI-PLAKAT-ELMA-w-796x1024.jpg\" alt=\"\" class=\"wp-image-5836\" width=\"199\" height=\"256\" srcset=\"http:\/\/www.arhivsa.ba\/wordpress\/wp-content\/uploads\/2023\/04\/NAJAVNI-PLAKAT-ELMA-w-796x1024.jpg 796w, http:\/\/www.arhivsa.ba\/wordpress\/wp-content\/uploads\/2023\/04\/NAJAVNI-PLAKAT-ELMA-w-233x300.jpg 233w, http:\/\/www.arhivsa.ba\/wordpress\/wp-content\/uploads\/2023\/04\/NAJAVNI-PLAKAT-ELMA-w-768x988.jpg 768w, http:\/\/www.arhivsa.ba\/wordpress\/wp-content\/uploads\/2023\/04\/NAJAVNI-PLAKAT-ELMA-w-1194x1536.jpg 1194w, http:\/\/www.arhivsa.ba\/wordpress\/wp-content\/uploads\/2023\/04\/NAJAVNI-PLAKAT-ELMA-w-1593x2048.jpg 1593w, http:\/\/www.arhivsa.ba\/wordpress\/wp-content\/uploads\/2023\/04\/NAJAVNI-PLAKAT-ELMA-w-117x150.jpg 117w, http:\/\/www.arhivsa.ba\/wordpress\/wp-content\/uploads\/2023\/04\/NAJAVNI-PLAKAT-ELMA-w-scaled.jpg 1991w\" sizes=\"auto, (max-width: 199px) 100vw, 199px\" \/><\/a><\/figure>\n\n\n\n<figure class=\"wp-block-image size-large is-resized\"><a href=\"http:\/\/www.arhivsa.ba\/wordpress\/wp-content\/uploads\/2023\/04\/POZIVNICA-75-godina-HAS-w.jpg\"><img loading=\"lazy\" decoding=\"async\" src=\"http:\/\/www.arhivsa.ba\/wordpress\/wp-content\/uploads\/2023\/04\/POZIVNICA-75-godina-HAS-w-1024x460.jpg\" alt=\"\" class=\"wp-image-5837\" width=\"256\" height=\"115\" srcset=\"http:\/\/www.arhivsa.ba\/wordpress\/wp-content\/uploads\/2023\/04\/POZIVNICA-75-godina-HAS-w-1024x460.jpg 1024w, http:\/\/www.arhivsa.ba\/wordpress\/wp-content\/uploads\/2023\/04\/POZIVNICA-75-godina-HAS-w-300x135.jpg 300w, http:\/\/www.arhivsa.ba\/wordpress\/wp-content\/uploads\/2023\/04\/POZIVNICA-75-godina-HAS-w-768x345.jpg 768w, http:\/\/www.arhivsa.ba\/wordpress\/wp-content\/uploads\/2023\/04\/POZIVNICA-75-godina-HAS-w-250x112.jpg 250w, http:\/\/www.arhivsa.ba\/wordpress\/wp-content\/uploads\/2023\/04\/POZIVNICA-75-godina-HAS-w-150x67.jpg 150w, http:\/\/www.arhivsa.ba\/wordpress\/wp-content\/uploads\/2023\/04\/POZIVNICA-75-godina-HAS-w.jpg 1181w\" sizes=\"auto, (max-width: 256px) 100vw, 256px\" \/><\/a><\/figure>\n","protected":false},"excerpt":{"rendered":"<p>Ove godine JU Historijski arhiv Sarajevo obilje\u017eava zna\u010dajan jubilej &#8211; 75 godina od osnivanja i isto toliko godina vrijednog rada na prikupljanju i \u010duvanju arhivske gra\u0111e. Arhiv je osnovan 3. maja 1948. godine Odlukom Narodnog odbora grada Sarajeva, a na samom po\u010detku bio je smje\u0161ten u dvije manje tavanske prostorije u zgradi Vije\u0107nice. Od po\u010detka svoga djelovanja, aktivno radi na lociranju, prikupljanju, \u010duvanju, stru\u010dnoj obradi, prezentaciji i publiciranju arhivske gra\u0111e. Ovaj 75-godi\u0161nji&#8230; <a class=\"continue-reading-link\" href=\"http:\/\/www.arhivsa.ba\/wordpress\/?p=5838\">Vi\u0161e<\/a><\/p>\n","protected":false},"author":1,"featured_media":0,"comment_status":"closed","ping_status":"closed","sticky":false,"template":"","format":"standard","meta":{"_uf_show_specific_survey":0,"_uf_disable_surveys":false,"ngg_post_thumbnail":0,"footnotes":""},"categories":[3],"tags":[],"class_list":["post-5838","post","type-post","status-publish","format-standard","hentry","category-vijesti"],"_links":{"self":[{"href":"http:\/\/www.arhivsa.ba\/wordpress\/index.php?rest_route=\/wp\/v2\/posts\/5838","targetHints":{"allow":["GET"]}}],"collection":[{"href":"http:\/\/www.arhivsa.ba\/wordpress\/index.php?rest_route=\/wp\/v2\/posts"}],"about":[{"href":"http:\/\/www.arhivsa.ba\/wordpress\/index.php?rest_route=\/wp\/v2\/types\/post"}],"author":[{"embeddable":true,"href":"http:\/\/www.arhivsa.ba\/wordpress\/index.php?rest_route=\/wp\/v2\/users\/1"}],"replies":[{"embeddable":true,"href":"http:\/\/www.arhivsa.ba\/wordpress\/index.php?rest_route=%2Fwp%2Fv2%2Fcomments&post=5838"}],"version-history":[{"count":3,"href":"http:\/\/www.arhivsa.ba\/wordpress\/index.php?rest_route=\/wp\/v2\/posts\/5838\/revisions"}],"predecessor-version":[{"id":5841,"href":"http:\/\/www.arhivsa.ba\/wordpress\/index.php?rest_route=\/wp\/v2\/posts\/5838\/revisions\/5841"}],"wp:attachment":[{"href":"http:\/\/www.arhivsa.ba\/wordpress\/index.php?rest_route=%2Fwp%2Fv2%2Fmedia&parent=5838"}],"wp:term":[{"taxonomy":"category","embeddable":true,"href":"http:\/\/www.arhivsa.ba\/wordpress\/index.php?rest_route=%2Fwp%2Fv2%2Fcategories&post=5838"},{"taxonomy":"post_tag","embeddable":true,"href":"http:\/\/www.arhivsa.ba\/wordpress\/index.php?rest_route=%2Fwp%2Fv2%2Ftags&post=5838"}],"curies":[{"name":"wp","href":"https:\/\/api.w.org\/{rel}","templated":true}]}}