{"id":5809,"date":"2023-04-17T12:26:42","date_gmt":"2023-04-17T10:26:42","guid":{"rendered":"http:\/\/www.arhivsa.ba\/wordpress\/?p=5809"},"modified":"2023-05-04T20:45:46","modified_gmt":"2023-05-04T18:45:46","slug":"ministar-kenan-magoda-posjetio-ju-historijski-arhiv-sarajevo","status":"publish","type":"post","link":"http:\/\/www.arhivsa.ba\/wordpress\/?p=5809","title":{"rendered":"Ministar Kenan Magoda posjetio JU Historijski arhiv Sarajevo"},"content":{"rendered":"\n<p>Ministar kulture i sporta Kantona Sarajevo g. Kenan Magoda posjetio je danas JU Historijski arhiv Sarajevo. Ministra je do\u010dekala direktorica Ismeta D\u017eigal-Berkovac zajedno sa najbli\u017eim saradnicima, rukovodiocima odsjeka. Tema sastanka bili su aktuelni i dugogodi\u0161nji problemi sa kojima se suo\u010dava Historijski arhiv Sarajevo, u prvom redu, problem prostornih kapaciteta Arhiva koji su u potpunosti ispunjeni, te poseban problem jednog od depoa koji konstantno trpi odre\u0111enja o\u0161te\u0107enja uslijed starosti objekta, \u010dime se arhivska gra\u0111a direktno ugro\u017eava. <\/p>\n\n\n\n<p>Re\u010deno je da se ova Ustanova suo\u010dava sa problemom daljeg funkcioniranja u smislu zakonske obaveze prijema novih koli\u010dina gra\u0111e. JU Historijski arhiv Sarajevo je ustanova primarnog zna\u010daja kada je u pitanju kompletna briga za arhivsku gra\u0111u, od njenog nastanka, pa sve do preuzimanja one najzna\u010dajnije arhivske gra\u0111e u propisanom roku, a koja nastaje djelovanjem svih javnih, upravnih, sudskih, politi\u010dkih, obrazovnih, kulturnih i drugih subjekata na podru\u010dju Kantona Sarajevo, \u0161to mu je trenutna teritorijalna nadle\u017enost. Ministar Magoda imao je konkretne prijedloge za rje\u0161avanje ove situacije, te su napravljeni odre\u0111eni planovi za nastavak zajedni\u010dkih aktivnosti u tom pravcu.<\/p>\n\n\n\n<p>Nakon razgovora, ministar je obi\u0161ao upravnu zgradu Arhiva, te se interesirao za rad svih uposlenika. Direktorica se na kraju posjete zahvalila ministru na organizaciji posjete, te na iskazanoj podr\u0161ci i obe\u0107anoj pomo\u0107i Arhivu u narednom periodu.<\/p>\n\n\n<div class=\"wp-block-image\">\n<figure class=\"aligncenter size-medium is-resized\"><a href=\"http:\/\/www.arhivsa.ba\/wordpress\/wp-content\/uploads\/2023\/04\/posjeta-ministra-17.4.2023..jpg\"><img loading=\"lazy\" decoding=\"async\" src=\"http:\/\/www.arhivsa.ba\/wordpress\/wp-content\/uploads\/2023\/04\/posjeta-ministra-17.4.2023.-300x225.jpg\" alt=\"\" class=\"wp-image-5810\" width=\"300\" height=\"225\" srcset=\"http:\/\/www.arhivsa.ba\/wordpress\/wp-content\/uploads\/2023\/04\/posjeta-ministra-17.4.2023.-300x225.jpg 300w, http:\/\/www.arhivsa.ba\/wordpress\/wp-content\/uploads\/2023\/04\/posjeta-ministra-17.4.2023.-1024x768.jpg 1024w, http:\/\/www.arhivsa.ba\/wordpress\/wp-content\/uploads\/2023\/04\/posjeta-ministra-17.4.2023.-768x576.jpg 768w, http:\/\/www.arhivsa.ba\/wordpress\/wp-content\/uploads\/2023\/04\/posjeta-ministra-17.4.2023.-1536x1152.jpg 1536w, http:\/\/www.arhivsa.ba\/wordpress\/wp-content\/uploads\/2023\/04\/posjeta-ministra-17.4.2023.-200x150.jpg 200w, http:\/\/www.arhivsa.ba\/wordpress\/wp-content\/uploads\/2023\/04\/posjeta-ministra-17.4.2023.-150x113.jpg 150w, http:\/\/www.arhivsa.ba\/wordpress\/wp-content\/uploads\/2023\/04\/posjeta-ministra-17.4.2023..jpg 2048w\" sizes=\"auto, (max-width: 300px) 100vw, 300px\" \/><\/a><\/figure>\n<\/div>","protected":false},"excerpt":{"rendered":"<p>Ministar kulture i sporta Kantona Sarajevo g. Kenan Magoda posjetio je danas JU Historijski arhiv Sarajevo. Ministra je do\u010dekala direktorica Ismeta D\u017eigal-Berkovac zajedno sa najbli\u017eim saradnicima, rukovodiocima odsjeka. Tema sastanka bili su aktuelni i dugogodi\u0161nji problemi sa kojima se suo\u010dava Historijski arhiv Sarajevo, u prvom redu, problem prostornih kapaciteta Arhiva koji su u potpunosti ispunjeni, te poseban problem jednog od depoa koji konstantno trpi odre\u0111enja o\u0161te\u0107enja uslijed starosti objekta, \u010dime se arhivska&#8230; <a class=\"continue-reading-link\" href=\"http:\/\/www.arhivsa.ba\/wordpress\/?p=5809\">Vi\u0161e<\/a><\/p>\n","protected":false},"author":1,"featured_media":0,"comment_status":"closed","ping_status":"closed","sticky":false,"template":"","format":"standard","meta":{"_uf_show_specific_survey":0,"_uf_disable_surveys":false,"ngg_post_thumbnail":0,"footnotes":""},"categories":[3],"tags":[],"class_list":["post-5809","post","type-post","status-publish","format-standard","hentry","category-vijesti"],"_links":{"self":[{"href":"http:\/\/www.arhivsa.ba\/wordpress\/index.php?rest_route=\/wp\/v2\/posts\/5809","targetHints":{"allow":["GET"]}}],"collection":[{"href":"http:\/\/www.arhivsa.ba\/wordpress\/index.php?rest_route=\/wp\/v2\/posts"}],"about":[{"href":"http:\/\/www.arhivsa.ba\/wordpress\/index.php?rest_route=\/wp\/v2\/types\/post"}],"author":[{"embeddable":true,"href":"http:\/\/www.arhivsa.ba\/wordpress\/index.php?rest_route=\/wp\/v2\/users\/1"}],"replies":[{"embeddable":true,"href":"http:\/\/www.arhivsa.ba\/wordpress\/index.php?rest_route=%2Fwp%2Fv2%2Fcomments&post=5809"}],"version-history":[{"count":3,"href":"http:\/\/www.arhivsa.ba\/wordpress\/index.php?rest_route=\/wp\/v2\/posts\/5809\/revisions"}],"predecessor-version":[{"id":5820,"href":"http:\/\/www.arhivsa.ba\/wordpress\/index.php?rest_route=\/wp\/v2\/posts\/5809\/revisions\/5820"}],"wp:attachment":[{"href":"http:\/\/www.arhivsa.ba\/wordpress\/index.php?rest_route=%2Fwp%2Fv2%2Fmedia&parent=5809"}],"wp:term":[{"taxonomy":"category","embeddable":true,"href":"http:\/\/www.arhivsa.ba\/wordpress\/index.php?rest_route=%2Fwp%2Fv2%2Fcategories&post=5809"},{"taxonomy":"post_tag","embeddable":true,"href":"http:\/\/www.arhivsa.ba\/wordpress\/index.php?rest_route=%2Fwp%2Fv2%2Ftags&post=5809"}],"curies":[{"name":"wp","href":"https:\/\/api.w.org\/{rel}","templated":true}]}}