{"id":38,"date":"2014-07-14T13:43:55","date_gmt":"2014-07-14T11:43:55","guid":{"rendered":"http:\/\/localhost\/wordpress1\/?p=38"},"modified":"2017-01-12T11:44:18","modified_gmt":"2017-01-12T09:44:18","slug":"38","status":"publish","type":"post","link":"http:\/\/www.arhivsa.ba\/wordpress\/?p=38","title":{"rendered":"U Pragu izlo\u017eba fotografija iz zbirki HAS-a i promocija &#8220;Glosara atentata&#8221; Valerijana \u017duje"},"content":{"rendered":"<p>U Pragu (\u010ce\u0161ka), \u0107e pod pokroviteljstvom \u010ce\u0161kih centara iz Praga, ambasade\/veleposlanstva BiH u \u010ce\u0161koj Republici i Ministarstva vanjskih poslova \u010ce\u0161ke Republike, u utorak, 15.jula\/srpnja 2014. godine u 18h biti otvorena izlo\u017eba fotografija iz zbirki Historijskog arhiva Sarajevo &#8220;Sarajevski atentat&#8221;, autora mr Sejdalije Gu\u0161i\u0107a, Milene Ga\u0161i\u0107, Omera Baji\u0107a i Irfana \u0110e\u0161evi\u0107a.<\/p>\n<p><a href=\"http:\/\/i1368.photobucket.com\/albums\/ag162\/arhivsa\/HAS-Pocetna\/HAS-Vijesti\/pozvanka_en_zps681bda83.gif\"><img loading=\"lazy\" decoding=\"async\" class=\"aligncenter\" src=\"http:\/\/i1368.photobucket.com\/albums\/ag162\/arhivsa\/HAS-Pocetna\/HAS-Vijesti\/pozvanka_en_zps681bda83.gif\" alt=\"\" width=\"282\" height=\"400\"><\/a>Izlo\u017ebu \u0107e sve\u010dano otvoriti ambasadorica\/veleposlanica BiH u \u010ce\u0161koj Republici nj. e. Danka Savi\u0107, direktor \u010ce\u0161kih centara iz Praga gospodin Zdenjek Li\u010dka i gospodin Valerijan \u017dujo, \u010diji \u0107e &#8220;Glosar atentata&#8221; tako\u0111er biti promoviran na otvaranju izlo\u017ebe.<\/p>\n<p>Izlo\u017eba \u0107e biti otvorena do 15. augusta\/kolovoza 2014.<\/p>\n","protected":false},"excerpt":{"rendered":"<p>U Pragu (\u010ce\u0161ka), \u0107e pod pokroviteljstvom \u010ce\u0161kih centara iz Praga, ambasade\/veleposlanstva BiH u \u010ce\u0161koj Republici i Ministarstva vanjskih poslova \u010ce\u0161ke Republike, u utorak, 15.jula\/srpnja 2014. godine u 18h biti otvorena izlo\u017eba fotografija iz zbirki Historijskog arhiva Sarajevo &#8220;Sarajevski atentat&#8221;, autora mr Sejdalije Gu\u0161i\u0107a, Milene Ga\u0161i\u0107, Omera Baji\u0107a i Irfana \u0110e\u0161evi\u0107a. Izlo\u017ebu \u0107e sve\u010dano otvoriti ambasadorica\/veleposlanica BiH u \u010ce\u0161koj Republici nj. e. Danka Savi\u0107, direktor \u010ce\u0161kih centara iz Praga gospodin Zdenjek Li\u010dka i&#8230; <a class=\"continue-reading-link\" href=\"http:\/\/www.arhivsa.ba\/wordpress\/?p=38\">Vi\u0161e<\/a><\/p>\n","protected":false},"author":1,"featured_media":756,"comment_status":"closed","ping_status":"open","sticky":false,"template":"","format":"standard","meta":{"_uf_show_specific_survey":0,"_uf_disable_surveys":false,"ngg_post_thumbnail":0,"footnotes":""},"categories":[3],"tags":[],"class_list":["post-38","post","type-post","status-publish","format-standard","has-post-thumbnail","hentry","category-vijesti"],"_links":{"self":[{"href":"http:\/\/www.arhivsa.ba\/wordpress\/index.php?rest_route=\/wp\/v2\/posts\/38","targetHints":{"allow":["GET"]}}],"collection":[{"href":"http:\/\/www.arhivsa.ba\/wordpress\/index.php?rest_route=\/wp\/v2\/posts"}],"about":[{"href":"http:\/\/www.arhivsa.ba\/wordpress\/index.php?rest_route=\/wp\/v2\/types\/post"}],"author":[{"embeddable":true,"href":"http:\/\/www.arhivsa.ba\/wordpress\/index.php?rest_route=\/wp\/v2\/users\/1"}],"replies":[{"embeddable":true,"href":"http:\/\/www.arhivsa.ba\/wordpress\/index.php?rest_route=%2Fwp%2Fv2%2Fcomments&post=38"}],"version-history":[{"count":3,"href":"http:\/\/www.arhivsa.ba\/wordpress\/index.php?rest_route=\/wp\/v2\/posts\/38\/revisions"}],"predecessor-version":[{"id":2269,"href":"http:\/\/www.arhivsa.ba\/wordpress\/index.php?rest_route=\/wp\/v2\/posts\/38\/revisions\/2269"}],"wp:featuredmedia":[{"embeddable":true,"href":"http:\/\/www.arhivsa.ba\/wordpress\/index.php?rest_route=\/wp\/v2\/media\/756"}],"wp:attachment":[{"href":"http:\/\/www.arhivsa.ba\/wordpress\/index.php?rest_route=%2Fwp%2Fv2%2Fmedia&parent=38"}],"wp:term":[{"taxonomy":"category","embeddable":true,"href":"http:\/\/www.arhivsa.ba\/wordpress\/index.php?rest_route=%2Fwp%2Fv2%2Fcategories&post=38"},{"taxonomy":"post_tag","embeddable":true,"href":"http:\/\/www.arhivsa.ba\/wordpress\/index.php?rest_route=%2Fwp%2Fv2%2Ftags&post=38"}],"curies":[{"name":"wp","href":"https:\/\/api.w.org\/{rel}","templated":true}]}}