{"id":2767,"date":"2017-11-20T15:43:48","date_gmt":"2017-11-20T13:43:48","guid":{"rendered":"http:\/\/www.arhivsa.ba\/wordpress\/?p=2767"},"modified":"2017-11-22T16:34:05","modified_gmt":"2017-11-22T14:34:05","slug":"has-na-medunarodnom-kongresu-u-istanbulu","status":"publish","type":"post","link":"http:\/\/www.arhivsa.ba\/wordpress\/?p=2767","title":{"rendered":"HAS na me\u0111unarodnom kongresu u Istanbulu"},"content":{"rendered":"<p><a href=\"http:\/\/www.arhivsa.ba\/wordpress\/wp-content\/uploads\/2017\/11\/23758511_10214928854525785_25326730_n.jpg\"><img loading=\"lazy\" decoding=\"async\" class=\"size-medium wp-image-2768 alignleft\" src=\"http:\/\/www.arhivsa.ba\/wordpress\/wp-content\/uploads\/2017\/11\/23758511_10214928854525785_25326730_n-225x300.jpg\" alt=\"\" width=\"225\" height=\"300\" srcset=\"http:\/\/www.arhivsa.ba\/wordpress\/wp-content\/uploads\/2017\/11\/23758511_10214928854525785_25326730_n-225x300.jpg 225w, http:\/\/www.arhivsa.ba\/wordpress\/wp-content\/uploads\/2017\/11\/23758511_10214928854525785_25326730_n-113x150.jpg 113w, http:\/\/www.arhivsa.ba\/wordpress\/wp-content\/uploads\/2017\/11\/23758511_10214928854525785_25326730_n.jpg 720w\" sizes=\"auto, (max-width: 225px) 100vw, 225px\" \/><\/a>U dvorani Hali\u00e7 u Istanbulu, Turska, se od 20. do 24. novembra\/studenog odr\u017eava <a href=\"http:\/\/www.tkgmkongre2017.org\/en\/programme.html\">Drugi me\u0111unarodni arhivski kongres zemalja koje su pripadale Osmanskom carstvu<\/a> (2nd International Archive Congress on Ottoman Lands). Teme su vezane za historiju i arhivsku gra\u0111u osmanskog perioda. Iz Bosne i Hercegovine na kongresu u\u010destvuju Historijski arhiv Sarajevo, Orijentalni institut, Institut za historiju i Odsjek za historiju Filozofskog fakulteta Univerziteta u Sarajevu.<\/p>\n<p>Ispred Historijskog arhiva Sarajevo u radu konferencije u\u010destvuje direktor Fuad Ohranovi\u0107 sa radom &#8220;Osmansko naslije\u0111e u Bosni i Hercegovini &#8211; \u0160erijatski sud Sarajevo (1878-1916.)&#8221;<\/p>\n<p>Na kongresu radove prezentira oko 150 izlaga\u010da na 36 panela. Jedan od organizatora kongresa je Dr\u017eavni arhiv Turske, a doga\u0111aj se odr\u017eava pod pokroviteljstvom predsjednika Republike Turske.<\/p>\n<hr>\n\n\t\t<style>\n\t\t\t#gallery-1 {\n\t\t\t\tmargin: auto;\n\t\t\t}\n\t\t\t#gallery-1 .gallery-item {\n\t\t\t\tfloat: left;\n\t\t\t\tmargin-top: 10px;\n\t\t\t\ttext-align: center;\n\t\t\t\twidth: 25%;\n\t\t\t}\n\t\t\t#gallery-1 img {\n\t\t\t\tborder: 2px solid #cfcfcf;\n\t\t\t}\n\t\t\t#gallery-1 .gallery-caption {\n\t\t\t\tmargin-left: 0;\n\t\t\t}\n\t\t\t\/* see gallery_shortcode() in wp-includes\/media.php *\/\n\t\t<\/style>\n\t\t<div id='gallery-1' class='gallery galleryid-2767 gallery-columns-4 gallery-size-thumbnail'><dl class='gallery-item'>\n\t\t\t<dt class='gallery-icon landscape'>\n\t\t\t\t<a href='http:\/\/www.arhivsa.ba\/wordpress\/?attachment_id=2774'><img loading=\"lazy\" decoding=\"async\" width=\"150\" height=\"150\" src=\"http:\/\/www.arhivsa.ba\/wordpress\/wp-content\/uploads\/2017\/11\/23825388_10214928801004447_2037798110_o-150x150.jpg\" class=\"attachment-thumbnail size-thumbnail\" alt=\"\" \/><\/a>\n\t\t\t<\/dt><\/dl><dl class='gallery-item'>\n\t\t\t<dt class='gallery-icon landscape'>\n\t\t\t\t<a href='http:\/\/www.arhivsa.ba\/wordpress\/?attachment_id=2773'><img loading=\"lazy\" decoding=\"async\" width=\"150\" height=\"150\" src=\"http:\/\/www.arhivsa.ba\/wordpress\/wp-content\/uploads\/2017\/11\/23825603_10214928801484459_626172741_o-150x150.jpg\" class=\"attachment-thumbnail size-thumbnail\" alt=\"\" \/><\/a>\n\t\t\t<\/dt><\/dl><dl class='gallery-item'>\n\t\t\t<dt class='gallery-icon landscape'>\n\t\t\t\t<a href='http:\/\/www.arhivsa.ba\/wordpress\/?attachment_id=2772'><img loading=\"lazy\" decoding=\"async\" width=\"150\" height=\"150\" src=\"http:\/\/www.arhivsa.ba\/wordpress\/wp-content\/uploads\/2017\/11\/23798287_10214928801524460_707395167_o-150x150.jpg\" class=\"attachment-thumbnail size-thumbnail\" alt=\"\" \/><\/a>\n\t\t\t<\/dt><\/dl><dl class='gallery-item'>\n\t\t\t<dt class='gallery-icon landscape'>\n\t\t\t\t<a href='http:\/\/www.arhivsa.ba\/wordpress\/?attachment_id=2771'><img loading=\"lazy\" decoding=\"async\" width=\"150\" height=\"150\" src=\"http:\/\/www.arhivsa.ba\/wordpress\/wp-content\/uploads\/2017\/11\/23770423_10214928801364456_1464696962_o-150x150.jpg\" class=\"attachment-thumbnail size-thumbnail\" alt=\"\" \/><\/a>\n\t\t\t<\/dt><\/dl><br style=\"clear: both\" \/><dl class='gallery-item'>\n\t\t\t<dt class='gallery-icon landscape'>\n\t\t\t\t<a href='http:\/\/www.arhivsa.ba\/wordpress\/?attachment_id=2770'><img loading=\"lazy\" decoding=\"async\" width=\"150\" height=\"150\" src=\"http:\/\/www.arhivsa.ba\/wordpress\/wp-content\/uploads\/2017\/11\/23825604_10214928801644463_1383020005_o-150x150.jpg\" class=\"attachment-thumbnail size-thumbnail\" alt=\"\" \/><\/a>\n\t\t\t<\/dt><\/dl><dl class='gallery-item'>\n\t\t\t<dt class='gallery-icon landscape'>\n\t\t\t\t<a href='http:\/\/www.arhivsa.ba\/wordpress\/?attachment_id=2769'><img loading=\"lazy\" decoding=\"async\" width=\"150\" height=\"150\" src=\"http:\/\/www.arhivsa.ba\/wordpress\/wp-content\/uploads\/2017\/11\/23798313_10214928832165226_208039843_o-150x150.jpg\" class=\"attachment-thumbnail size-thumbnail\" alt=\"\" \/><\/a>\n\t\t\t<\/dt><\/dl><dl class='gallery-item'>\n\t\t\t<dt class='gallery-icon portrait'>\n\t\t\t\t<a href='http:\/\/www.arhivsa.ba\/wordpress\/?attachment_id=2768'><img loading=\"lazy\" decoding=\"async\" width=\"150\" height=\"150\" src=\"http:\/\/www.arhivsa.ba\/wordpress\/wp-content\/uploads\/2017\/11\/23758511_10214928854525785_25326730_n-150x150.jpg\" class=\"attachment-thumbnail size-thumbnail\" alt=\"\" \/><\/a>\n\t\t\t<\/dt><\/dl><dl class='gallery-item'>\n\t\t\t<dt class='gallery-icon portrait'>\n\t\t\t\t<a href='http:\/\/www.arhivsa.ba\/wordpress\/?attachment_id=2784'><img loading=\"lazy\" decoding=\"async\" width=\"150\" height=\"150\" src=\"http:\/\/www.arhivsa.ba\/wordpress\/wp-content\/uploads\/2017\/11\/23828500_10214937146053068_1378693828_o-150x150.jpg\" class=\"attachment-thumbnail size-thumbnail\" alt=\"\" \/><\/a>\n\t\t\t<\/dt><\/dl><br style=\"clear: both\" \/><dl class='gallery-item'>\n\t\t\t<dt class='gallery-icon landscape'>\n\t\t\t\t<a href='http:\/\/www.arhivsa.ba\/wordpress\/?attachment_id=2783'><img loading=\"lazy\" decoding=\"async\" width=\"150\" height=\"150\" src=\"http:\/\/www.arhivsa.ba\/wordpress\/wp-content\/uploads\/2017\/11\/23825606_10214937146173071_484338384_o-150x150.jpg\" class=\"attachment-thumbnail size-thumbnail\" alt=\"\" \/><\/a>\n\t\t\t<\/dt><\/dl><dl class='gallery-item'>\n\t\t\t<dt class='gallery-icon landscape'>\n\t\t\t\t<a href='http:\/\/www.arhivsa.ba\/wordpress\/?attachment_id=2782'><img loading=\"lazy\" decoding=\"async\" width=\"150\" height=\"150\" src=\"http:\/\/www.arhivsa.ba\/wordpress\/wp-content\/uploads\/2017\/11\/23846703_10214937145933065_1880340686_o-150x150.jpg\" class=\"attachment-thumbnail size-thumbnail\" alt=\"\" \/><\/a>\n\t\t\t<\/dt><\/dl><dl class='gallery-item'>\n\t\t\t<dt class='gallery-icon landscape'>\n\t\t\t\t<a href='http:\/\/www.arhivsa.ba\/wordpress\/?attachment_id=2781'><img loading=\"lazy\" decoding=\"async\" width=\"150\" height=\"150\" src=\"http:\/\/www.arhivsa.ba\/wordpress\/wp-content\/uploads\/2017\/11\/23798603_10214937146213072_1637610953_o-1-150x150.jpg\" class=\"attachment-thumbnail size-thumbnail\" alt=\"\" \/><\/a>\n\t\t\t<\/dt><\/dl><dl class='gallery-item'>\n\t\t\t<dt class='gallery-icon landscape'>\n\t\t\t\t<a href='http:\/\/www.arhivsa.ba\/wordpress\/?attachment_id=2780'><img loading=\"lazy\" decoding=\"async\" width=\"150\" height=\"150\" src=\"http:\/\/www.arhivsa.ba\/wordpress\/wp-content\/uploads\/2017\/11\/23825853_10214937146453078_1756269970_o-1-150x150.jpg\" class=\"attachment-thumbnail size-thumbnail\" alt=\"\" \/><\/a>\n\t\t\t<\/dt><\/dl><br style=\"clear: both\" \/>\n\t\t<\/div>\n\n","protected":false},"excerpt":{"rendered":"<p>U dvorani Hali\u00e7 u Istanbulu, Turska, se od 20. do 24. novembra\/studenog odr\u017eava Drugi me\u0111unarodni arhivski kongres zemalja koje su pripadale Osmanskom carstvu (2nd International Archive Congress on Ottoman Lands). Teme su vezane za historiju i arhivsku gra\u0111u osmanskog perioda. Iz Bosne i Hercegovine na kongresu u\u010destvuju Historijski arhiv Sarajevo, Orijentalni institut, Institut za historiju i Odsjek za historiju Filozofskog fakulteta Univerziteta u Sarajevu. Ispred Historijskog arhiva Sarajevo u radu konferencije u\u010destvuje&#8230; <a class=\"continue-reading-link\" href=\"http:\/\/www.arhivsa.ba\/wordpress\/?p=2767\">Vi\u0161e<\/a><\/p>\n","protected":false},"author":1,"featured_media":2768,"comment_status":"closed","ping_status":"open","sticky":false,"template":"","format":"standard","meta":{"_uf_show_specific_survey":0,"_uf_disable_surveys":false,"ngg_post_thumbnail":0,"footnotes":""},"categories":[3],"tags":[],"class_list":["post-2767","post","type-post","status-publish","format-standard","has-post-thumbnail","hentry","category-vijesti"],"_links":{"self":[{"href":"http:\/\/www.arhivsa.ba\/wordpress\/index.php?rest_route=\/wp\/v2\/posts\/2767","targetHints":{"allow":["GET"]}}],"collection":[{"href":"http:\/\/www.arhivsa.ba\/wordpress\/index.php?rest_route=\/wp\/v2\/posts"}],"about":[{"href":"http:\/\/www.arhivsa.ba\/wordpress\/index.php?rest_route=\/wp\/v2\/types\/post"}],"author":[{"embeddable":true,"href":"http:\/\/www.arhivsa.ba\/wordpress\/index.php?rest_route=\/wp\/v2\/users\/1"}],"replies":[{"embeddable":true,"href":"http:\/\/www.arhivsa.ba\/wordpress\/index.php?rest_route=%2Fwp%2Fv2%2Fcomments&post=2767"}],"version-history":[{"count":4,"href":"http:\/\/www.arhivsa.ba\/wordpress\/index.php?rest_route=\/wp\/v2\/posts\/2767\/revisions"}],"predecessor-version":[{"id":2786,"href":"http:\/\/www.arhivsa.ba\/wordpress\/index.php?rest_route=\/wp\/v2\/posts\/2767\/revisions\/2786"}],"wp:featuredmedia":[{"embeddable":true,"href":"http:\/\/www.arhivsa.ba\/wordpress\/index.php?rest_route=\/wp\/v2\/media\/2768"}],"wp:attachment":[{"href":"http:\/\/www.arhivsa.ba\/wordpress\/index.php?rest_route=%2Fwp%2Fv2%2Fmedia&parent=2767"}],"wp:term":[{"taxonomy":"category","embeddable":true,"href":"http:\/\/www.arhivsa.ba\/wordpress\/index.php?rest_route=%2Fwp%2Fv2%2Fcategories&post=2767"},{"taxonomy":"post_tag","embeddable":true,"href":"http:\/\/www.arhivsa.ba\/wordpress\/index.php?rest_route=%2Fwp%2Fv2%2Ftags&post=2767"}],"curies":[{"name":"wp","href":"https:\/\/api.w.org\/{rel}","templated":true}]}}