{"id":2762,"date":"2017-11-13T14:51:14","date_gmt":"2017-11-13T12:51:14","guid":{"rendered":"http:\/\/www.arhivsa.ba\/wordpress\/?p=2762"},"modified":"2017-11-13T15:08:32","modified_gmt":"2017-11-13T13:08:32","slug":"promocija-izdanja-historijskog-arhiva-sarajevo-u-zagrebu","status":"publish","type":"post","link":"http:\/\/www.arhivsa.ba\/wordpress\/?p=2762","title":{"rendered":"Promocija izdanja Historijskog arhiva Sarajevo u Zagrebu"},"content":{"rendered":"<p><a href=\"http:\/\/www.arhivsa.ba\/wordpress\/wp-content\/uploads\/2015\/11\/bohoreta-korice-prijedlog-web.gif\"><img loading=\"lazy\" decoding=\"async\" class=\"size-medium wp-image-1963 alignleft\" src=\"http:\/\/www.arhivsa.ba\/wordpress\/wp-content\/uploads\/2015\/11\/bohoreta-korice-prijedlog-web-300x202.gif\" alt=\"\" width=\"300\" height=\"202\" srcset=\"http:\/\/www.arhivsa.ba\/wordpress\/wp-content\/uploads\/2015\/11\/bohoreta-korice-prijedlog-web-300x202.gif 300w, http:\/\/www.arhivsa.ba\/wordpress\/wp-content\/uploads\/2015\/11\/bohoreta-korice-prijedlog-web-1024x691.gif 1024w, http:\/\/www.arhivsa.ba\/wordpress\/wp-content\/uploads\/2015\/11\/bohoreta-korice-prijedlog-web-222x150.gif 222w, http:\/\/www.arhivsa.ba\/wordpress\/wp-content\/uploads\/2015\/11\/bohoreta-korice-prijedlog-web-150x101.gif 150w\" sizes=\"auto, (max-width: 300px) 100vw, 300px\" \/><\/a>Povodom 450-te godi\u0161njice dolaska Sefarda na Balkanski poluotok \u0107e u srijedu, 15. novembra\/studenog 2017. godine u Zagrebu biti odr\u017eana promocija trodjelnog izdanja rukopisa Laure Papo Bohorete, izdatog u Saradnji sa Filozofskim fakultetom UNSA i Ambasadom Kraljevine \u0160panije u Bosni i Hercegovini u periodu 2015-2017.<\/p>\n<p>Promocija \u0107e biti odr\u017eana u Dr\u017eavnom arhivu u Zagrebu, ul. Opati\u010dka 29, s po\u010detkom u 12:00 sati.<\/p>\n<p>Na promociji \u0107e govoriti dr. sc. \u017divana He\u0111beli, ravnateljica Dr\u017eavnog arhiva u Zagrebu, mr. sc. Fuad Ohranovi\u0107, direktor&nbsp;Historijskog arhiva Sarajevo, dr. sc. Kotel Da-Don, docent, predstojnik Katedre za judaistiku na Filozofskom fakultetu Sveu\u010dili\u0161ta u Zagrebu, dr. sc. Jagoda Ve\u010derina Tomai\u0107, vi\u0161i predava\u010d na Katedri za judaistiku Filozofskoga fakulteta&nbsp;Sveu\u010dili\u0161ta&nbsp;u Zagrebu i dr. sc. Cecilia Prenc Kopu\u0161ar, predava\u010d na Univerzitetu u Trstu.<\/p>\n","protected":false},"excerpt":{"rendered":"<p>Povodom 450-te godi\u0161njice dolaska Sefarda na Balkanski poluotok \u0107e u srijedu, 15. novembra\/studenog 2017. godine u Zagrebu biti odr\u017eana promocija trodjelnog izdanja rukopisa Laure Papo Bohorete, izdatog u Saradnji sa Filozofskim fakultetom UNSA i Ambasadom Kraljevine \u0160panije u Bosni i Hercegovini u periodu 2015-2017. Promocija \u0107e biti odr\u017eana u Dr\u017eavnom arhivu u Zagrebu, ul. Opati\u010dka 29, s po\u010detkom u 12:00 sati. Na promociji \u0107e govoriti dr. sc. \u017divana He\u0111beli, ravnateljica Dr\u017eavnog arhiva&#8230; <a class=\"continue-reading-link\" href=\"http:\/\/www.arhivsa.ba\/wordpress\/?p=2762\">Vi\u0161e<\/a><\/p>\n","protected":false},"author":1,"featured_media":1963,"comment_status":"closed","ping_status":"open","sticky":false,"template":"","format":"standard","meta":{"_uf_show_specific_survey":0,"_uf_disable_surveys":false,"ngg_post_thumbnail":0,"footnotes":""},"categories":[3],"tags":[],"class_list":["post-2762","post","type-post","status-publish","format-standard","has-post-thumbnail","hentry","category-vijesti"],"_links":{"self":[{"href":"http:\/\/www.arhivsa.ba\/wordpress\/index.php?rest_route=\/wp\/v2\/posts\/2762","targetHints":{"allow":["GET"]}}],"collection":[{"href":"http:\/\/www.arhivsa.ba\/wordpress\/index.php?rest_route=\/wp\/v2\/posts"}],"about":[{"href":"http:\/\/www.arhivsa.ba\/wordpress\/index.php?rest_route=\/wp\/v2\/types\/post"}],"author":[{"embeddable":true,"href":"http:\/\/www.arhivsa.ba\/wordpress\/index.php?rest_route=\/wp\/v2\/users\/1"}],"replies":[{"embeddable":true,"href":"http:\/\/www.arhivsa.ba\/wordpress\/index.php?rest_route=%2Fwp%2Fv2%2Fcomments&post=2762"}],"version-history":[{"count":1,"href":"http:\/\/www.arhivsa.ba\/wordpress\/index.php?rest_route=\/wp\/v2\/posts\/2762\/revisions"}],"predecessor-version":[{"id":2763,"href":"http:\/\/www.arhivsa.ba\/wordpress\/index.php?rest_route=\/wp\/v2\/posts\/2762\/revisions\/2763"}],"wp:featuredmedia":[{"embeddable":true,"href":"http:\/\/www.arhivsa.ba\/wordpress\/index.php?rest_route=\/wp\/v2\/media\/1963"}],"wp:attachment":[{"href":"http:\/\/www.arhivsa.ba\/wordpress\/index.php?rest_route=%2Fwp%2Fv2%2Fmedia&parent=2762"}],"wp:term":[{"taxonomy":"category","embeddable":true,"href":"http:\/\/www.arhivsa.ba\/wordpress\/index.php?rest_route=%2Fwp%2Fv2%2Fcategories&post=2762"},{"taxonomy":"post_tag","embeddable":true,"href":"http:\/\/www.arhivsa.ba\/wordpress\/index.php?rest_route=%2Fwp%2Fv2%2Ftags&post=2762"}],"curies":[{"name":"wp","href":"https:\/\/api.w.org\/{rel}","templated":true}]}}