{"id":2758,"date":"2017-11-08T15:17:29","date_gmt":"2017-11-08T13:17:29","guid":{"rendered":"http:\/\/www.arhivsa.ba\/wordpress\/?p=2758"},"modified":"2018-07-02T09:36:31","modified_gmt":"2018-07-02T07:36:31","slug":"dan-kada-je-rijeka-progutala-cupriju-poplava-iz-1896-2","status":"publish","type":"post","link":"http:\/\/www.arhivsa.ba\/wordpress\/?p=2758","title":{"rendered":"Dan kada je rijeka progutala \u0107upriju: &#8220;Veliki povodanj&#8221; iz 1896."},"content":{"rendered":"<p><a href=\"http:\/\/www.arhivsa.ba\/wordpress\/wp-content\/uploads\/2017\/11\/drina1896-7.jpg\"><img loading=\"lazy\" decoding=\"async\" class=\"alignleft wp-image-2755 size-medium\" src=\"http:\/\/www.arhivsa.ba\/wordpress\/wp-content\/uploads\/2017\/11\/drina1896-7-300x192.jpg\" alt=\"\" width=\"300\" height=\"192\" srcset=\"http:\/\/www.arhivsa.ba\/wordpress\/wp-content\/uploads\/2017\/11\/drina1896-7-300x192.jpg 300w, http:\/\/www.arhivsa.ba\/wordpress\/wp-content\/uploads\/2017\/11\/drina1896-7-768x492.jpg 768w, http:\/\/www.arhivsa.ba\/wordpress\/wp-content\/uploads\/2017\/11\/drina1896-7-234x150.jpg 234w, http:\/\/www.arhivsa.ba\/wordpress\/wp-content\/uploads\/2017\/11\/drina1896-7-150x96.jpg 150w, http:\/\/www.arhivsa.ba\/wordpress\/wp-content\/uploads\/2017\/11\/drina1896-7.jpg 1000w\" sizes=\"auto, (max-width: 300px) 100vw, 300px\" \/><\/a>Na dana\u0161nji dan se navr\u0161ava 121 godina od katastrofalne poplave, takozvanog &#8220;Velikog povodnja&#8221; rijeka Drine, Lima, \u0106ehotine i Rzava, u kojem su te\u0161ko stradali Fo\u010da, Gora\u017ede, Vi\u0161egrad i selo Skelani u op\u0107ini Srebrenica, te sembersko podrinje od Zvornika do u\u0161\u0107a Drine u Savu kod Ra\u010de, a jedan grad &#8211; Rudo &#8211; izbrisan je sa lica zemlje.<\/p>\n<p>Ostalo je zabilje\u017eeno kako je rijeka Drina progutala ve\u0107i dio kasabe Vi\u0161egrada uz rije\u010dne obale, gdje su se nalazili du\u0107ani, kafane i naselje Jalija na u\u0161\u0107u Rzava u Drinu.<\/p>\n<p>10. novembra ujutro, Drina je ve\u0107 bila toliko nado\u0161la da je prekrila most Mehmed-pa\u0161e Sokolovi\u0107a, a iz vodene mase je samo izvirivao kameni dio sofe na kojem se i danas nalaze lapidarni natipisi o podizanju i opravci mosta.<\/p>\n<p style=\"text-align: left;\"><a href=\"http:\/\/www.arhivsa.ba\/wordpress\/wp-content\/uploads\/2017\/11\/drina1896-1a.jpg\"><img loading=\"lazy\" decoding=\"async\" class=\"wp-image-2749 size-medium aligncenter\" src=\"http:\/\/www.arhivsa.ba\/wordpress\/wp-content\/uploads\/2017\/11\/drina1896-1a-300x228.jpg\" alt=\"\" width=\"300\" height=\"228\" srcset=\"http:\/\/www.arhivsa.ba\/wordpress\/wp-content\/uploads\/2017\/11\/drina1896-1a-300x228.jpg 300w, http:\/\/www.arhivsa.ba\/wordpress\/wp-content\/uploads\/2017\/11\/drina1896-1a-768x584.jpg 768w, http:\/\/www.arhivsa.ba\/wordpress\/wp-content\/uploads\/2017\/11\/drina1896-1a-1024x778.jpg 1024w, http:\/\/www.arhivsa.ba\/wordpress\/wp-content\/uploads\/2017\/11\/drina1896-1a-197x150.jpg 197w, http:\/\/www.arhivsa.ba\/wordpress\/wp-content\/uploads\/2017\/11\/drina1896-1a-150x114.jpg 150w, http:\/\/www.arhivsa.ba\/wordpress\/wp-content\/uploads\/2017\/11\/drina1896-1a.jpg 1226w\" sizes=\"auto, (max-width: 300px) 100vw, 300px\" \/><\/a>Nivo rijeke je dosegao 16,40 metara, te prekrio most za \u010ditavih 160 centimetara. Kada se voda po\u010dela povla\u010diti 11. novembra, ubrzo se ukazala stara \u0107uprija, ali bez kamene ograde, koju je bujica odnijela.<\/p>\n<p style=\"text-align: left;\">Grad Vi\u0161egrad pretrpio je veliku \u0161tetu, voda je odnijela most na Rzavu, a ve\u0107i dio naselja bio je poplavljen. Pobje\u0161njela bujica rijeke Lima je istog datuma odnijela i staru varo\u0161icu Rudo, koja se nalazila na njenoj lijevoj obali.<\/p>\n<p style=\"text-align: left;\"><a href=\"http:\/\/www.arhivsa.ba\/wordpress\/wp-content\/uploads\/2017\/11\/drina1896-1.jpg\"><img loading=\"lazy\" decoding=\"async\" class=\"wp-image-2748 size-medium aligncenter\" src=\"http:\/\/www.arhivsa.ba\/wordpress\/wp-content\/uploads\/2017\/11\/drina1896-1-300x216.jpg\" alt=\"\" width=\"300\" height=\"216\" srcset=\"http:\/\/www.arhivsa.ba\/wordpress\/wp-content\/uploads\/2017\/11\/drina1896-1-300x216.jpg 300w, http:\/\/www.arhivsa.ba\/wordpress\/wp-content\/uploads\/2017\/11\/drina1896-1-768x554.jpg 768w, http:\/\/www.arhivsa.ba\/wordpress\/wp-content\/uploads\/2017\/11\/drina1896-1-1024x738.jpg 1024w, http:\/\/www.arhivsa.ba\/wordpress\/wp-content\/uploads\/2017\/11\/drina1896-1-208x150.jpg 208w, http:\/\/www.arhivsa.ba\/wordpress\/wp-content\/uploads\/2017\/11\/drina1896-1-150x108.jpg 150w, http:\/\/www.arhivsa.ba\/wordpress\/wp-content\/uploads\/2017\/11\/drina1896-1.jpg 1290w\" sizes=\"auto, (max-width: 300px) 100vw, 300px\" \/><\/a>Od varo\u0161ice je nakon &#8220;Velikog povodnja&#8221; uspravno ostao samo minaret d\u017eamije Mustafe pa\u0161e Sokolovi\u0107a, osniva\u010da ovog gradi\u0107a.<a href=\"http:\/\/www.arhivsa.ba\/wordpress\/wp-content\/uploads\/2017\/11\/drina1896-8.jpg\"><img loading=\"lazy\" decoding=\"async\" class=\"wp-image-2756 size-medium aligncenter\" src=\"http:\/\/www.arhivsa.ba\/wordpress\/wp-content\/uploads\/2017\/11\/drina1896-8-300x192.jpg\" alt=\"\" width=\"300\" height=\"192\" srcset=\"http:\/\/www.arhivsa.ba\/wordpress\/wp-content\/uploads\/2017\/11\/drina1896-8-300x192.jpg 300w, http:\/\/www.arhivsa.ba\/wordpress\/wp-content\/uploads\/2017\/11\/drina1896-8-234x150.jpg 234w, http:\/\/www.arhivsa.ba\/wordpress\/wp-content\/uploads\/2017\/11\/drina1896-8-150x96.jpg 150w, http:\/\/www.arhivsa.ba\/wordpress\/wp-content\/uploads\/2017\/11\/drina1896-8.jpg 500w\" sizes=\"auto, (max-width: 300px) 100vw, 300px\" \/><\/a><\/p>\n<p>U Zbirci fotografija i razglednica Historijskog arhiva Sarajevo pod signaturom ZFR 761-789 nalazi se i album fotografija snimljenih za vrijeme i poslije poplave, a neke od njih Vam predstavljamo povodom obljetnice ove velike prirodne katastrofe.<\/p>\n<hr>\n\n\t\t<style type=\"text\/css\">\n\t\t\t#gallery-1 {\n\t\t\t\tmargin: auto;\n\t\t\t}\n\t\t\t#gallery-1 .gallery-item {\n\t\t\t\tfloat: left;\n\t\t\t\tmargin-top: 10px;\n\t\t\t\ttext-align: center;\n\t\t\t\twidth: 20%;\n\t\t\t}\n\t\t\t#gallery-1 img {\n\t\t\t\tborder: 2px solid #cfcfcf;\n\t\t\t}\n\t\t\t#gallery-1 .gallery-caption {\n\t\t\t\tmargin-left: 0;\n\t\t\t}\n\t\t\t\/* see gallery_shortcode() in wp-includes\/media.php *\/\n\t\t<\/style>\n\t\t<div id='gallery-1' class='gallery galleryid-2758 gallery-columns-5 gallery-size-thumbnail'><dl class='gallery-item'>\n\t\t\t<dt class='gallery-icon landscape'>\n\t\t\t\t<a href='http:\/\/www.arhivsa.ba\/wordpress\/?attachment_id=2748'><img loading=\"lazy\" decoding=\"async\" width=\"150\" height=\"150\" src=\"http:\/\/www.arhivsa.ba\/wordpress\/wp-content\/uploads\/2017\/11\/drina1896-1-150x150.jpg\" class=\"attachment-thumbnail size-thumbnail\" alt=\"\" aria-describedby=\"gallery-1-2748\" \/><\/a>\n\t\t\t<\/dt>\n\t\t\t\t<dd class='wp-caption-text gallery-caption' id='gallery-1-2748'>\n\t\t\t\tVi\u0161egrad: Nova mahala pod vodom\n\t\t\t\t<\/dd><\/dl><dl class='gallery-item'>\n\t\t\t<dt class='gallery-icon landscape'>\n\t\t\t\t<a href='http:\/\/www.arhivsa.ba\/wordpress\/?attachment_id=2749'><img loading=\"lazy\" decoding=\"async\" width=\"150\" height=\"150\" src=\"http:\/\/www.arhivsa.ba\/wordpress\/wp-content\/uploads\/2017\/11\/drina1896-1a-150x150.jpg\" class=\"attachment-thumbnail size-thumbnail\" alt=\"\" aria-describedby=\"gallery-1-2749\" \/><\/a>\n\t\t\t<\/dt>\n\t\t\t\t<dd class='wp-caption-text gallery-caption' id='gallery-1-2749'>\n\t\t\t\tVi\u0161egrad: Voda prekrila \u0107upriju\n\t\t\t\t<\/dd><\/dl><dl class='gallery-item'>\n\t\t\t<dt class='gallery-icon landscape'>\n\t\t\t\t<a href='http:\/\/www.arhivsa.ba\/wordpress\/?attachment_id=2750'><img loading=\"lazy\" decoding=\"async\" width=\"150\" height=\"150\" src=\"http:\/\/www.arhivsa.ba\/wordpress\/wp-content\/uploads\/2017\/11\/drina1896-2-150x150.jpg\" class=\"attachment-thumbnail size-thumbnail\" alt=\"\" aria-describedby=\"gallery-1-2750\" \/><\/a>\n\t\t\t<\/dt>\n\t\t\t\t<dd class='wp-caption-text gallery-caption' id='gallery-1-2750'>\n\t\t\t\tVi\u0161egrad: \u0106uprija nakon poplave\n\t\t\t\t<\/dd><\/dl><dl class='gallery-item'>\n\t\t\t<dt class='gallery-icon landscape'>\n\t\t\t\t<a href='http:\/\/www.arhivsa.ba\/wordpress\/?attachment_id=2751'><img loading=\"lazy\" decoding=\"async\" width=\"150\" height=\"150\" src=\"http:\/\/www.arhivsa.ba\/wordpress\/wp-content\/uploads\/2017\/11\/drina1896-3-150x150.jpg\" class=\"attachment-thumbnail size-thumbnail\" alt=\"\" aria-describedby=\"gallery-1-2751\" \/><\/a>\n\t\t\t<\/dt>\n\t\t\t\t<dd class='wp-caption-text gallery-caption' id='gallery-1-2751'>\n\t\t\t\tVi\u0161egrad: Znati\u017eeljnici promatraju \u0107upriju kojoj je voda odnijela korkaluk\n\t\t\t\t<\/dd><\/dl><dl class='gallery-item'>\n\t\t\t<dt class='gallery-icon landscape'>\n\t\t\t\t<a href='http:\/\/www.arhivsa.ba\/wordpress\/?attachment_id=2752'><img loading=\"lazy\" decoding=\"async\" width=\"150\" height=\"150\" src=\"http:\/\/www.arhivsa.ba\/wordpress\/wp-content\/uploads\/2017\/11\/drina1896-4-150x150.jpg\" class=\"attachment-thumbnail size-thumbnail\" alt=\"\" aria-describedby=\"gallery-1-2752\" \/><\/a>\n\t\t\t<\/dt>\n\t\t\t\t<dd class='wp-caption-text gallery-caption' id='gallery-1-2752'>\n\t\t\t\tVi\u0161egrad: Poplavljeno naselje\n\t\t\t\t<\/dd><\/dl><br style=\"clear: both\" \/><dl class='gallery-item'>\n\t\t\t<dt class='gallery-icon landscape'>\n\t\t\t\t<a href='http:\/\/www.arhivsa.ba\/wordpress\/?attachment_id=2753'><img loading=\"lazy\" decoding=\"async\" width=\"150\" height=\"150\" src=\"http:\/\/www.arhivsa.ba\/wordpress\/wp-content\/uploads\/2017\/11\/drina1896-5-150x150.jpg\" class=\"attachment-thumbnail size-thumbnail\" alt=\"\" aria-describedby=\"gallery-1-2753\" \/><\/a>\n\t\t\t<\/dt>\n\t\t\t\t<dd class='wp-caption-text gallery-caption' id='gallery-1-2753'>\n\t\t\t\tVi\u0161egrad: Glavna ulica\n\t\t\t\t<\/dd><\/dl><dl class='gallery-item'>\n\t\t\t<dt class='gallery-icon landscape'>\n\t\t\t\t<a href='http:\/\/www.arhivsa.ba\/wordpress\/?attachment_id=2754'><img loading=\"lazy\" decoding=\"async\" width=\"150\" height=\"150\" src=\"http:\/\/www.arhivsa.ba\/wordpress\/wp-content\/uploads\/2017\/11\/drina1896-6-150x150.jpg\" class=\"attachment-thumbnail size-thumbnail\" alt=\"\" aria-describedby=\"gallery-1-2754\" \/><\/a>\n\t\t\t<\/dt>\n\t\t\t\t<dd class='wp-caption-text gallery-caption' id='gallery-1-2754'>\n\t\t\t\tVi\u0161egrad: Hunkijar mahala nakon povla\u010denja vode\n\t\t\t\t<\/dd><\/dl><dl class='gallery-item'>\n\t\t\t<dt class='gallery-icon landscape'>\n\t\t\t\t<a href='http:\/\/www.arhivsa.ba\/wordpress\/?attachment_id=2755'><img loading=\"lazy\" decoding=\"async\" width=\"150\" height=\"150\" src=\"http:\/\/www.arhivsa.ba\/wordpress\/wp-content\/uploads\/2017\/11\/drina1896-7-150x150.jpg\" class=\"attachment-thumbnail size-thumbnail\" alt=\"\" aria-describedby=\"gallery-1-2755\" \/><\/a>\n\t\t\t<\/dt>\n\t\t\t\t<dd class='wp-caption-text gallery-caption' id='gallery-1-2755'>\n\t\t\t\tGora\u017ede: Plo\u010da koja obilje\u017eava visinu vode na dan 10. XI 1896.\n\t\t\t\t<\/dd><\/dl><dl class='gallery-item'>\n\t\t\t<dt class='gallery-icon landscape'>\n\t\t\t\t<a href='http:\/\/www.arhivsa.ba\/wordpress\/?attachment_id=2756'><img loading=\"lazy\" decoding=\"async\" width=\"150\" height=\"150\" src=\"http:\/\/www.arhivsa.ba\/wordpress\/wp-content\/uploads\/2017\/11\/drina1896-8-150x150.jpg\" class=\"attachment-thumbnail size-thumbnail\" alt=\"\" aria-describedby=\"gallery-1-2756\" \/><\/a>\n\t\t\t<\/dt>\n\t\t\t\t<dd class='wp-caption-text gallery-caption' id='gallery-1-2756'>\n\t\t\t\tRudo: Novo Rudo (na slici gore) i Staro Rudo sa preostalom munarom (na slici dole)\n\t\t\t\t<\/dd><\/dl>\n\t\t\t<br style='clear: both' \/>\n\t\t<\/div>\n\n","protected":false},"excerpt":{"rendered":"<p>Na dana\u0161nji dan se navr\u0161ava 121 godina od katastrofalne poplave, takozvanog &#8220;Velikog povodnja&#8221; rijeka Drine, Lima, \u0106ehotine i Rzava, u kojem su te\u0161ko stradali Fo\u010da, Gora\u017ede, Vi\u0161egrad i selo Skelani u op\u0107ini Srebrenica, te sembersko podrinje od Zvornika do u\u0161\u0107a Drine u Savu kod Ra\u010de, a jedan grad &#8211; Rudo &#8211; izbrisan je sa lica zemlje. Ostalo je zabilje\u017eeno kako je rijeka Drina progutala ve\u0107i dio kasabe Vi\u0161egrada uz rije\u010dne obale, gdje&#8230; <a class=\"continue-reading-link\" href=\"http:\/\/www.arhivsa.ba\/wordpress\/?p=2758\">Vi\u0161e<\/a><\/p>\n","protected":false},"author":1,"featured_media":2748,"comment_status":"closed","ping_status":"closed","sticky":false,"template":"","format":"standard","meta":{"_uf_show_specific_survey":0,"_uf_disable_surveys":false,"ngg_post_thumbnail":0,"footnotes":""},"categories":[26],"tags":[22,15,20,10,69,70,68,39],"class_list":["post-2758","post","type-post","status-publish","format-standard","has-post-thumbnail","hentry","category-price-iz-arhiva","tag-arhiv","tag-bosna-i-hercegovina","tag-historija","tag-historijski-arhiv-sarajevo","tag-most","tag-poplava","tag-visegrad","tag-zbirka"],"_links":{"self":[{"href":"http:\/\/www.arhivsa.ba\/wordpress\/index.php?rest_route=\/wp\/v2\/posts\/2758","targetHints":{"allow":["GET"]}}],"collection":[{"href":"http:\/\/www.arhivsa.ba\/wordpress\/index.php?rest_route=\/wp\/v2\/posts"}],"about":[{"href":"http:\/\/www.arhivsa.ba\/wordpress\/index.php?rest_route=\/wp\/v2\/types\/post"}],"author":[{"embeddable":true,"href":"http:\/\/www.arhivsa.ba\/wordpress\/index.php?rest_route=\/wp\/v2\/users\/1"}],"replies":[{"embeddable":true,"href":"http:\/\/www.arhivsa.ba\/wordpress\/index.php?rest_route=%2Fwp%2Fv2%2Fcomments&post=2758"}],"version-history":[{"count":2,"href":"http:\/\/www.arhivsa.ba\/wordpress\/index.php?rest_route=\/wp\/v2\/posts\/2758\/revisions"}],"predecessor-version":[{"id":2760,"href":"http:\/\/www.arhivsa.ba\/wordpress\/index.php?rest_route=\/wp\/v2\/posts\/2758\/revisions\/2760"}],"wp:featuredmedia":[{"embeddable":true,"href":"http:\/\/www.arhivsa.ba\/wordpress\/index.php?rest_route=\/wp\/v2\/media\/2748"}],"wp:attachment":[{"href":"http:\/\/www.arhivsa.ba\/wordpress\/index.php?rest_route=%2Fwp%2Fv2%2Fmedia&parent=2758"}],"wp:term":[{"taxonomy":"category","embeddable":true,"href":"http:\/\/www.arhivsa.ba\/wordpress\/index.php?rest_route=%2Fwp%2Fv2%2Fcategories&post=2758"},{"taxonomy":"post_tag","embeddable":true,"href":"http:\/\/www.arhivsa.ba\/wordpress\/index.php?rest_route=%2Fwp%2Fv2%2Ftags&post=2758"}],"curies":[{"name":"wp","href":"https:\/\/api.w.org\/{rel}","templated":true}]}}