{"id":2697,"date":"2017-10-02T15:13:15","date_gmt":"2017-10-02T13:13:15","guid":{"rendered":"http:\/\/www.arhivsa.ba\/wordpress\/?p=2697"},"modified":"2017-10-02T15:14:35","modified_gmt":"2017-10-02T13:14:35","slug":"u-tuzli-odrzano-30-medunarodno-savjetovanje-arhivska-praksa-2017","status":"publish","type":"post","link":"http:\/\/www.arhivsa.ba\/wordpress\/?p=2697","title":{"rendered":"U Tuzli odr\u017eano 30. me\u0111unarodno savjetovanje &#8220;Arhivska praksa 2017&#8221;"},"content":{"rendered":"<p><a href=\"http:\/\/www.arhivsa.ba\/wordpress\/wp-content\/uploads\/2017\/10\/IMG_20170928_121922.jpg\"><img loading=\"lazy\" decoding=\"async\" class=\"size-medium wp-image-2699 alignleft\" src=\"http:\/\/www.arhivsa.ba\/wordpress\/wp-content\/uploads\/2017\/10\/IMG_20170928_121922-300x169.jpg\" alt=\"\" width=\"300\" height=\"169\" srcset=\"http:\/\/www.arhivsa.ba\/wordpress\/wp-content\/uploads\/2017\/10\/IMG_20170928_121922-300x169.jpg 300w, http:\/\/www.arhivsa.ba\/wordpress\/wp-content\/uploads\/2017\/10\/IMG_20170928_121922-768x432.jpg 768w, http:\/\/www.arhivsa.ba\/wordpress\/wp-content\/uploads\/2017\/10\/IMG_20170928_121922-1024x576.jpg 1024w, http:\/\/www.arhivsa.ba\/wordpress\/wp-content\/uploads\/2017\/10\/IMG_20170928_121922-250x141.jpg 250w, http:\/\/www.arhivsa.ba\/wordpress\/wp-content\/uploads\/2017\/10\/IMG_20170928_121922-150x84.jpg 150w\" sizes=\"auto, (max-width: 300px) 100vw, 300px\" \/><\/a>&nbsp;U Hotelu &#8220;Tuzla&#8221; u Tuzli je od 27. do 29. septembra 2017. godine odr\u017eano 30. jubilarno me\u0111unarodno savjetovanje &#8220;Arhivska praksa 2017&#8221;, u organizaciji Arhiva Tuzlanskog kantona i Dru\u0161tva arhivskih zaposlenika Tuzlanskog kantona.<\/p>\n<p>Teme ovogodi\u0161njeg savjetovanja bile su &#8220;Za\u0161tita registraturne gra\u0111e u nastajanju u vremenu tranzicije \u2013 rezultati i perspektive&#8221;, te &#8220;Doprinos projekta \u201cArhivska praksa\u201d razvoju arhivske djelatnosti&#8221;.<\/p>\n<p>Pored renomiranih izlaga\u010da iz zemlje i regiona, na konferenciji je svoj rad &#8220;Doprinos arhivista Historijskog arhiva Sarajevo projektu Arhivska praksa\u201d prezentirao i arhivski savjetnik iz na\u0161eg arhiva, mr Sejdalija Gu\u0161i\u0107.<\/p>\n<p>U radu konferencije u\u010destvovali su vi\u0161i arhivisti Aleksandra Pijuk-Pej\u010di\u0107 i Almira Aliba\u0161i\u0107-Fideler, te arhivisti Velid Jerlagi\u0107 i Jasmin Tur\u010dalo.<\/p>\n\n\t\t<style type=\"text\/css\">\n\t\t\t#gallery-1 {\n\t\t\t\tmargin: auto;\n\t\t\t}\n\t\t\t#gallery-1 .gallery-item {\n\t\t\t\tfloat: left;\n\t\t\t\tmargin-top: 10px;\n\t\t\t\ttext-align: center;\n\t\t\t\twidth: 25%;\n\t\t\t}\n\t\t\t#gallery-1 img {\n\t\t\t\tborder: 2px solid #cfcfcf;\n\t\t\t}\n\t\t\t#gallery-1 .gallery-caption {\n\t\t\t\tmargin-left: 0;\n\t\t\t}\n\t\t\t\/* see gallery_shortcode() in wp-includes\/media.php *\/\n\t\t<\/style>\n\t\t<div id='gallery-1' class='gallery galleryid-2697 gallery-columns-4 gallery-size-thumbnail'><dl class='gallery-item'>\n\t\t\t<dt class='gallery-icon landscape'>\n\t\t\t\t<a href='http:\/\/www.arhivsa.ba\/wordpress\/?attachment_id=2700'><img loading=\"lazy\" decoding=\"async\" width=\"150\" height=\"150\" src=\"http:\/\/www.arhivsa.ba\/wordpress\/wp-content\/uploads\/2017\/10\/IMG_20170928_112332-150x150.jpg\" class=\"attachment-thumbnail size-thumbnail\" alt=\"\" \/><\/a>\n\t\t\t<\/dt><\/dl><dl class='gallery-item'>\n\t\t\t<dt class='gallery-icon landscape'>\n\t\t\t\t<a href='http:\/\/www.arhivsa.ba\/wordpress\/?attachment_id=2701'><img loading=\"lazy\" decoding=\"async\" width=\"150\" height=\"150\" src=\"http:\/\/www.arhivsa.ba\/wordpress\/wp-content\/uploads\/2017\/10\/IMG_20170928_112853-150x150.jpg\" class=\"attachment-thumbnail size-thumbnail\" alt=\"\" \/><\/a>\n\t\t\t<\/dt><\/dl><dl class='gallery-item'>\n\t\t\t<dt class='gallery-icon landscape'>\n\t\t\t\t<a href='http:\/\/www.arhivsa.ba\/wordpress\/?attachment_id=2702'><img loading=\"lazy\" decoding=\"async\" width=\"150\" height=\"150\" src=\"http:\/\/www.arhivsa.ba\/wordpress\/wp-content\/uploads\/2017\/10\/IMG_20170928_121913-150x150.jpg\" class=\"attachment-thumbnail size-thumbnail\" alt=\"\" \/><\/a>\n\t\t\t<\/dt><\/dl><dl class='gallery-item'>\n\t\t\t<dt class='gallery-icon landscape'>\n\t\t\t\t<a href='http:\/\/www.arhivsa.ba\/wordpress\/?attachment_id=2703'><img loading=\"lazy\" decoding=\"async\" width=\"150\" height=\"150\" src=\"http:\/\/www.arhivsa.ba\/wordpress\/wp-content\/uploads\/2017\/10\/IMG_20170928_121938-150x150.jpg\" class=\"attachment-thumbnail size-thumbnail\" alt=\"\" \/><\/a>\n\t\t\t<\/dt><\/dl><br style=\"clear: both\" \/><dl class='gallery-item'>\n\t\t\t<dt class='gallery-icon landscape'>\n\t\t\t\t<a href='http:\/\/www.arhivsa.ba\/wordpress\/?attachment_id=2704'><img loading=\"lazy\" decoding=\"async\" width=\"150\" height=\"150\" src=\"http:\/\/www.arhivsa.ba\/wordpress\/wp-content\/uploads\/2017\/10\/IMG_20170929_121623-150x150.jpg\" class=\"attachment-thumbnail size-thumbnail\" alt=\"\" \/><\/a>\n\t\t\t<\/dt><\/dl><dl class='gallery-item'>\n\t\t\t<dt class='gallery-icon landscape'>\n\t\t\t\t<a href='http:\/\/www.arhivsa.ba\/wordpress\/?attachment_id=2705'><img loading=\"lazy\" decoding=\"async\" width=\"150\" height=\"150\" src=\"http:\/\/www.arhivsa.ba\/wordpress\/wp-content\/uploads\/2017\/10\/received_10214498451245972-150x150.jpg\" class=\"attachment-thumbnail size-thumbnail\" alt=\"\" \/><\/a>\n\t\t\t<\/dt><\/dl><dl class='gallery-item'>\n\t\t\t<dt class='gallery-icon landscape'>\n\t\t\t\t<a href='http:\/\/www.arhivsa.ba\/wordpress\/?attachment_id=2706'><img loading=\"lazy\" decoding=\"async\" width=\"150\" height=\"150\" src=\"http:\/\/www.arhivsa.ba\/wordpress\/wp-content\/uploads\/2017\/10\/received_10214498451485978-150x150.jpg\" class=\"attachment-thumbnail size-thumbnail\" alt=\"\" \/><\/a>\n\t\t\t<\/dt><\/dl>\n\t\t\t<br style='clear: both' \/>\n\t\t<\/div>\n\n","protected":false},"excerpt":{"rendered":"<p>&nbsp;U Hotelu &#8220;Tuzla&#8221; u Tuzli je od 27. do 29. septembra 2017. godine odr\u017eano 30. jubilarno me\u0111unarodno savjetovanje &#8220;Arhivska praksa 2017&#8221;, u organizaciji Arhiva Tuzlanskog kantona i Dru\u0161tva arhivskih zaposlenika Tuzlanskog kantona. Teme ovogodi\u0161njeg savjetovanja bile su &#8220;Za\u0161tita registraturne gra\u0111e u nastajanju u vremenu tranzicije \u2013 rezultati i perspektive&#8221;, te &#8220;Doprinos projekta \u201cArhivska praksa\u201d razvoju arhivske djelatnosti&#8221;. Pored renomiranih izlaga\u010da iz zemlje i regiona, na konferenciji je svoj rad &#8220;Doprinos arhivista Historijskog&#8230; <a class=\"continue-reading-link\" href=\"http:\/\/www.arhivsa.ba\/wordpress\/?p=2697\">Vi\u0161e<\/a><\/p>\n","protected":false},"author":1,"featured_media":2699,"comment_status":"closed","ping_status":"open","sticky":false,"template":"","format":"standard","meta":{"_uf_show_specific_survey":0,"_uf_disable_surveys":false,"ngg_post_thumbnail":0,"footnotes":""},"categories":[3],"tags":[],"class_list":["post-2697","post","type-post","status-publish","format-standard","has-post-thumbnail","hentry","category-vijesti"],"_links":{"self":[{"href":"http:\/\/www.arhivsa.ba\/wordpress\/index.php?rest_route=\/wp\/v2\/posts\/2697","targetHints":{"allow":["GET"]}}],"collection":[{"href":"http:\/\/www.arhivsa.ba\/wordpress\/index.php?rest_route=\/wp\/v2\/posts"}],"about":[{"href":"http:\/\/www.arhivsa.ba\/wordpress\/index.php?rest_route=\/wp\/v2\/types\/post"}],"author":[{"embeddable":true,"href":"http:\/\/www.arhivsa.ba\/wordpress\/index.php?rest_route=\/wp\/v2\/users\/1"}],"replies":[{"embeddable":true,"href":"http:\/\/www.arhivsa.ba\/wordpress\/index.php?rest_route=%2Fwp%2Fv2%2Fcomments&post=2697"}],"version-history":[{"count":3,"href":"http:\/\/www.arhivsa.ba\/wordpress\/index.php?rest_route=\/wp\/v2\/posts\/2697\/revisions"}],"predecessor-version":[{"id":2708,"href":"http:\/\/www.arhivsa.ba\/wordpress\/index.php?rest_route=\/wp\/v2\/posts\/2697\/revisions\/2708"}],"wp:featuredmedia":[{"embeddable":true,"href":"http:\/\/www.arhivsa.ba\/wordpress\/index.php?rest_route=\/wp\/v2\/media\/2699"}],"wp:attachment":[{"href":"http:\/\/www.arhivsa.ba\/wordpress\/index.php?rest_route=%2Fwp%2Fv2%2Fmedia&parent=2697"}],"wp:term":[{"taxonomy":"category","embeddable":true,"href":"http:\/\/www.arhivsa.ba\/wordpress\/index.php?rest_route=%2Fwp%2Fv2%2Fcategories&post=2697"},{"taxonomy":"post_tag","embeddable":true,"href":"http:\/\/www.arhivsa.ba\/wordpress\/index.php?rest_route=%2Fwp%2Fv2%2Ftags&post=2697"}],"curies":[{"name":"wp","href":"https:\/\/api.w.org\/{rel}","templated":true}]}}