{"id":2670,"date":"2017-09-22T09:27:18","date_gmt":"2017-09-22T07:27:18","guid":{"rendered":"http:\/\/www.arhivsa.ba\/wordpress\/?p=2670"},"modified":"2017-10-06T15:25:27","modified_gmt":"2017-10-06T13:25:27","slug":"sarajevo-svjetlost-proslosti-u-novom-gradu","status":"publish","type":"post","link":"http:\/\/www.arhivsa.ba\/wordpress\/?p=2670","title":{"rendered":"&#8220;Sarajevo &#8211; Svjetlost pro\u0161losti&#8221; u Novom Gradu"},"content":{"rendered":"<p><a href=\"http:\/\/www.arhivsa.ba\/wordpress\/wp-content\/uploads\/2017\/09\/svjetlost-proslosti-novigrad21-29septPLAKAT2.jpg\"><img loading=\"lazy\" decoding=\"async\" class=\"wp-image-2674 size-medium alignleft\" src=\"http:\/\/www.arhivsa.ba\/wordpress\/wp-content\/uploads\/2017\/09\/svjetlost-proslosti-novigrad21-29septPLAKAT2-233x300.jpg\" alt=\"\" width=\"233\" height=\"300\" srcset=\"http:\/\/www.arhivsa.ba\/wordpress\/wp-content\/uploads\/2017\/09\/svjetlost-proslosti-novigrad21-29septPLAKAT2-233x300.jpg 233w, http:\/\/www.arhivsa.ba\/wordpress\/wp-content\/uploads\/2017\/09\/svjetlost-proslosti-novigrad21-29septPLAKAT2-768x988.jpg 768w, http:\/\/www.arhivsa.ba\/wordpress\/wp-content\/uploads\/2017\/09\/svjetlost-proslosti-novigrad21-29septPLAKAT2-796x1024.jpg 796w, http:\/\/www.arhivsa.ba\/wordpress\/wp-content\/uploads\/2017\/09\/svjetlost-proslosti-novigrad21-29septPLAKAT2-117x150.jpg 117w, http:\/\/www.arhivsa.ba\/wordpress\/wp-content\/uploads\/2017\/09\/svjetlost-proslosti-novigrad21-29septPLAKAT2.jpg 1244w\" sizes=\"auto, (max-width: 233px) 100vw, 233px\" \/><\/a>U galerijskom prostoru op\u0107ine Novi Grad Sarajevo od 21. septembra do 4. oktobra ove godine svi zainteresirani gra\u0111ani mogli su pogledati izlo\u017ebu Historijskog arhiva Sarajevo &#8220;Sarajevo &#8211; Svjetlost pro\u0161losti iz arhivskih dokumenata&#8221;.<\/p>\n<p>Ovom izlo\u017ebom Arhiv je \u017eelio podsjetiti gra\u0111ane na prijelomne trenutke iz pro\u0161losti grada predstavljanjem spisa, dokumenata, fotografija, karata, plakata i razglednica.<\/p>\n<p>Autori izlo\u017ebe su vi\u0161i arhivisti Haris Zaimovi\u0107 i Atif Mu\u0161inovi\u0107, te arhivist Sa\u0161a Beltram.<\/p>\n<p>Predstavljeno je 16 panoa izlo\u017ebe, a sama izlo\u017eba prvi put je postavljena 2012. u foajeu Narodnog pozori\u0161ta.<\/p>\n<p>Karta BiH iz 1878. godine uo\u010di priprema austrougarske vojske za okupaciju BiH, Zbornik zakona i naredbi za BiH 1878-1880, zasjedanje Bosanskog sabora, Program obilje\u017eavanja ro\u0111endana cara Franje Josipa u Sarajevu 1882. godine, atentat na Franca Ferdinanda, Prvi slet smu\u010dara Kraljevine Jugoslavije, te ulazak partizana u grad 1945. godine, neki su od doga\u0111aja prikazanih kroz dokumente i fotografije.<\/p>\n","protected":false},"excerpt":{"rendered":"<p>U galerijskom prostoru op\u0107ine Novi Grad Sarajevo od 21. septembra do 4. oktobra ove godine svi zainteresirani gra\u0111ani mogli su pogledati izlo\u017ebu Historijskog arhiva Sarajevo &#8220;Sarajevo &#8211; Svjetlost pro\u0161losti iz arhivskih dokumenata&#8221;. Ovom izlo\u017ebom Arhiv je \u017eelio podsjetiti gra\u0111ane na prijelomne trenutke iz pro\u0161losti grada predstavljanjem spisa, dokumenata, fotografija, karata, plakata i razglednica. Autori izlo\u017ebe su vi\u0161i arhivisti Haris Zaimovi\u0107 i Atif Mu\u0161inovi\u0107, te arhivist Sa\u0161a Beltram. Predstavljeno je 16 panoa izlo\u017ebe,&#8230; <a class=\"continue-reading-link\" href=\"http:\/\/www.arhivsa.ba\/wordpress\/?p=2670\">Vi\u0161e<\/a><\/p>\n","protected":false},"author":1,"featured_media":2674,"comment_status":"closed","ping_status":"open","sticky":false,"template":"","format":"standard","meta":{"_uf_show_specific_survey":0,"_uf_disable_surveys":false,"ngg_post_thumbnail":0,"footnotes":""},"categories":[3],"tags":[],"class_list":["post-2670","post","type-post","status-publish","format-standard","has-post-thumbnail","hentry","category-vijesti"],"_links":{"self":[{"href":"http:\/\/www.arhivsa.ba\/wordpress\/index.php?rest_route=\/wp\/v2\/posts\/2670","targetHints":{"allow":["GET"]}}],"collection":[{"href":"http:\/\/www.arhivsa.ba\/wordpress\/index.php?rest_route=\/wp\/v2\/posts"}],"about":[{"href":"http:\/\/www.arhivsa.ba\/wordpress\/index.php?rest_route=\/wp\/v2\/types\/post"}],"author":[{"embeddable":true,"href":"http:\/\/www.arhivsa.ba\/wordpress\/index.php?rest_route=\/wp\/v2\/users\/1"}],"replies":[{"embeddable":true,"href":"http:\/\/www.arhivsa.ba\/wordpress\/index.php?rest_route=%2Fwp%2Fv2%2Fcomments&post=2670"}],"version-history":[{"count":4,"href":"http:\/\/www.arhivsa.ba\/wordpress\/index.php?rest_route=\/wp\/v2\/posts\/2670\/revisions"}],"predecessor-version":[{"id":2715,"href":"http:\/\/www.arhivsa.ba\/wordpress\/index.php?rest_route=\/wp\/v2\/posts\/2670\/revisions\/2715"}],"wp:featuredmedia":[{"embeddable":true,"href":"http:\/\/www.arhivsa.ba\/wordpress\/index.php?rest_route=\/wp\/v2\/media\/2674"}],"wp:attachment":[{"href":"http:\/\/www.arhivsa.ba\/wordpress\/index.php?rest_route=%2Fwp%2Fv2%2Fmedia&parent=2670"}],"wp:term":[{"taxonomy":"category","embeddable":true,"href":"http:\/\/www.arhivsa.ba\/wordpress\/index.php?rest_route=%2Fwp%2Fv2%2Fcategories&post=2670"},{"taxonomy":"post_tag","embeddable":true,"href":"http:\/\/www.arhivsa.ba\/wordpress\/index.php?rest_route=%2Fwp%2Fv2%2Ftags&post=2670"}],"curies":[{"name":"wp","href":"https:\/\/api.w.org\/{rel}","templated":true}]}}