{"id":1500,"date":"2013-10-28T14:12:25","date_gmt":"2013-10-28T12:12:25","guid":{"rendered":"http:\/\/www.arhivsa.ba\/wordpress\/?p=1500"},"modified":"2014-11-04T14:15:14","modified_gmt":"2014-11-04T12:15:14","slug":"veceri-duhovne-muzike-islama-u-konjicu","status":"publish","type":"post","link":"http:\/\/www.arhivsa.ba\/wordpress\/?p=1500","title":{"rendered":"Ve\u010deri duhovne muzike islama u Konjicu"},"content":{"rendered":"<p>Centar za kulturu Narodnog univerziteta Konjic, KUU &#8220;Sejfullah&#8221; Konjic i Omladinski krug Med\u017elisa IZ-a Konjic organizuju manifestaciju &#8220;Ve\u010deri duhovne muzike islama&#8221;, koja \u0107e biti odr\u017eana od 4. X do 23. XI 2013. godine u Konjicu.<\/p>\n<p><a href=\"http:\/\/www.arhivsa.ba\/wordpress\/wp-content\/uploads\/2014\/11\/konjic1.jpg\"><img loading=\"lazy\" decoding=\"async\" class=\"size-medium wp-image-1502 aligncenter\" src=\"http:\/\/www.arhivsa.ba\/wordpress\/wp-content\/uploads\/2014\/11\/konjic1-300x212.jpg\" alt=\"konjic1\" width=\"300\" height=\"212\" srcset=\"http:\/\/www.arhivsa.ba\/wordpress\/wp-content\/uploads\/2014\/11\/konjic1-300x212.jpg 300w, http:\/\/www.arhivsa.ba\/wordpress\/wp-content\/uploads\/2014\/11\/konjic1-212x150.jpg 212w, http:\/\/www.arhivsa.ba\/wordpress\/wp-content\/uploads\/2014\/11\/konjic1-150x106.jpg 150w, http:\/\/www.arhivsa.ba\/wordpress\/wp-content\/uploads\/2014\/11\/konjic1.jpg 679w\" sizes=\"auto, (max-width: 300px) 100vw, 300px\" \/><\/a><\/p>\n<p><a href=\"http:\/\/www.arhivsa.ba\/wordpress\/wp-content\/uploads\/2014\/11\/konjic2.jpg\"><img loading=\"lazy\" decoding=\"async\" class=\"size-medium wp-image-1501 aligncenter\" src=\"http:\/\/www.arhivsa.ba\/wordpress\/wp-content\/uploads\/2014\/11\/konjic2-300x212.jpg\" alt=\"konjic2\" width=\"300\" height=\"212\" srcset=\"http:\/\/www.arhivsa.ba\/wordpress\/wp-content\/uploads\/2014\/11\/konjic2-300x212.jpg 300w, http:\/\/www.arhivsa.ba\/wordpress\/wp-content\/uploads\/2014\/11\/konjic2-212x150.jpg 212w, http:\/\/www.arhivsa.ba\/wordpress\/wp-content\/uploads\/2014\/11\/konjic2-150x106.jpg 150w, http:\/\/www.arhivsa.ba\/wordpress\/wp-content\/uploads\/2014\/11\/konjic2.jpg 679w\" sizes=\"auto, (max-width: 300px) 100vw, 300px\" \/><\/a><\/p>\n<p>U sklopu manifestacije \u0107e direktor HAS-a Haris Zaimovi\u0107, arhivski savjetnik Sejdalija Gu\u0161i\u0107 i direktor Muzeja Sarajevo Amra Mad\u017earevi\u0107 promovirati knjigu &#8220;Nove kajde za stare sevdalinke Mustafe Mulali\u0107a&#8221;.<\/p>\n","protected":false},"excerpt":{"rendered":"<p>Centar za kulturu Narodnog univerziteta Konjic, KUU &#8220;Sejfullah&#8221; Konjic i Omladinski krug Med\u017elisa IZ-a Konjic organizuju manifestaciju &#8220;Ve\u010deri duhovne muzike islama&#8221;, koja \u0107e biti odr\u017eana od 4. X do 23. XI 2013. godine u Konjicu. U sklopu manifestacije \u0107e direktor HAS-a Haris Zaimovi\u0107, arhivski savjetnik Sejdalija Gu\u0161i\u0107 i direktor Muzeja Sarajevo Amra Mad\u017earevi\u0107 promovirati knjigu &#8220;Nove kajde za stare sevdalinke Mustafe Mulali\u0107a&#8221;. <a class=\"continue-reading-link\" href=\"http:\/\/www.arhivsa.ba\/wordpress\/?p=1500\">Vi\u0161e<\/a><\/p>\n","protected":false},"author":1,"featured_media":0,"comment_status":"open","ping_status":"open","sticky":false,"template":"","format":"standard","meta":{"_uf_show_specific_survey":0,"_uf_disable_surveys":false,"ngg_post_thumbnail":0,"footnotes":""},"categories":[3],"tags":[],"class_list":["post-1500","post","type-post","status-publish","format-standard","hentry","category-vijesti"],"_links":{"self":[{"href":"http:\/\/www.arhivsa.ba\/wordpress\/index.php?rest_route=\/wp\/v2\/posts\/1500","targetHints":{"allow":["GET"]}}],"collection":[{"href":"http:\/\/www.arhivsa.ba\/wordpress\/index.php?rest_route=\/wp\/v2\/posts"}],"about":[{"href":"http:\/\/www.arhivsa.ba\/wordpress\/index.php?rest_route=\/wp\/v2\/types\/post"}],"author":[{"embeddable":true,"href":"http:\/\/www.arhivsa.ba\/wordpress\/index.php?rest_route=\/wp\/v2\/users\/1"}],"replies":[{"embeddable":true,"href":"http:\/\/www.arhivsa.ba\/wordpress\/index.php?rest_route=%2Fwp%2Fv2%2Fcomments&post=1500"}],"version-history":[{"count":1,"href":"http:\/\/www.arhivsa.ba\/wordpress\/index.php?rest_route=\/wp\/v2\/posts\/1500\/revisions"}],"predecessor-version":[{"id":1503,"href":"http:\/\/www.arhivsa.ba\/wordpress\/index.php?rest_route=\/wp\/v2\/posts\/1500\/revisions\/1503"}],"wp:attachment":[{"href":"http:\/\/www.arhivsa.ba\/wordpress\/index.php?rest_route=%2Fwp%2Fv2%2Fmedia&parent=1500"}],"wp:term":[{"taxonomy":"category","embeddable":true,"href":"http:\/\/www.arhivsa.ba\/wordpress\/index.php?rest_route=%2Fwp%2Fv2%2Fcategories&post=1500"},{"taxonomy":"post_tag","embeddable":true,"href":"http:\/\/www.arhivsa.ba\/wordpress\/index.php?rest_route=%2Fwp%2Fv2%2Ftags&post=1500"}],"curies":[{"name":"wp","href":"https:\/\/api.w.org\/{rel}","templated":true}]}}