{"id":1452,"date":"2013-12-11T11:33:27","date_gmt":"2013-12-11T09:33:27","guid":{"rendered":"http:\/\/www.arhivsa.ba\/wordpress\/?p=1452"},"modified":"2014-11-04T11:38:08","modified_gmt":"2014-11-04T09:38:08","slug":"12-xii-1947-dan-kada-je-preuzeta-odgovornost-za-ocuvanje-vlastitog-arhivskog-naslijeda","status":"publish","type":"post","link":"http:\/\/www.arhivsa.ba\/wordpress\/?p=1452","title":{"rendered":"12. XII 1947. &#8211; Dan kada je preuzeta odgovornost za o\u010duvanje vlastitog arhivskog naslije\u0111a"},"content":{"rendered":"<p>Arhivska slu\u017eba Bosne i Hercegovine 12. decembra obilje\u017eava 66 godina svog postojanja. Ovo je datum osnivanja Arhiva NR Bosne i Hercegovine (danas Arhiv BiH), a nepunih pola godine poslije formiran je i Arhiv Grada Sarajeva (danas Historijski arhiv Sarajevo). To je bio kamen temeljac za organiziranje arhivske slu\u017ebe i profesionalne arhivske djelatnosti u Bosni i Hercegovini.<\/p>\n<p><a href=\"http:\/\/www.arhivsa.ba\/wordpress\/wp-content\/uploads\/2014\/09\/nasa-mala-klinika-e1410425179189.jpg\"><img loading=\"lazy\" decoding=\"async\" class=\"alignleft size-medium wp-image-435\" src=\"http:\/\/www.arhivsa.ba\/wordpress\/wp-content\/uploads\/2014\/09\/nasa-mala-klinika-300x214.jpg\" alt=\"nasa-mala-klinika\" width=\"300\" height=\"214\" \/><\/a>Za\u0161to je ovaj datum toliko bitan, dru\u0161tvu u cjelini?\u010cinjenica da se arhivska gra\u0111a koja se odnosi na cjelokupnu pro\u0161lost Bosne i Hercegovine i rad svih njenih institucija vi\u0161e ne \u010duva samo u arhivima Turske, Austrije, Srbije, Hrvatske, Ma\u0111arske, Engleske, Francuske, SAD-a, Njema\u010dke, Rusije i Vatikana, govori o va\u017enoj ideji i odluci da BiH sama skrbi i \u010duva svoje pisano kulturno-historijsko naslije\u0111e.<\/p>\n<p>Prije 66 godina bilo je vrijeme sazrijevanja i stasavanja &#8211; tada je preuzeta odgovornost za o\u010duvanje bosanskohercegova\u010dke pisane ba\u0161tine. Stvaranjem arhivske slu\u017ebe Bosne i Hercegovine na\u0161a pisana ba\u0161tina ostaje u Sarajevu, Banja Luci, Mostaru, Travniku, Biha\u0107u i Tuzli da svjedo\u010di o na\u0161oj pro\u0161losti, odnosno o nama samima. To je vrijeme sazrijevanja ideje bosanskohercegova\u010de dr\u017eavotvornosti i dr\u017eavnosti. To je odluka da se u Bosni i Hercegovini \u010duva ono \u0161to pripada dr\u017eavi i svim njenim gra\u0111anima.<\/p>\n<p><a href=\"http:\/\/www.arhivsa.ba\/wordpress\/wp-content\/uploads\/2014\/11\/arhivbih.gif\"><img loading=\"lazy\" decoding=\"async\" class=\"alignleft size-medium wp-image-1453\" src=\"http:\/\/www.arhivsa.ba\/wordpress\/wp-content\/uploads\/2014\/11\/arhivbih-300x214.gif\" alt=\"\" width=\"300\" height=\"214\" srcset=\"http:\/\/www.arhivsa.ba\/wordpress\/wp-content\/uploads\/2014\/11\/arhivbih-300x214.gif 300w, http:\/\/www.arhivsa.ba\/wordpress\/wp-content\/uploads\/2014\/11\/arhivbih-209x150.gif 209w, http:\/\/www.arhivsa.ba\/wordpress\/wp-content\/uploads\/2014\/11\/arhivbih-150x107.gif 150w\" sizes=\"auto, (max-width: 300px) 100vw, 300px\" \/><\/a>\u017divimo u vremenu u kojem je izra\u017eena potreba za sna\u017enijim razvojem dru\u0161tvene svijesti o kulturi, njenom zna\u010daju za dru\u0161tvo i nas same, za poticanjem naprednijih inicijativa u institucionalnoj i vaninstitucionalnoj sferi kulture, te saradnjom i partnerstvom unutar razli\u010ditih sektora kulture i dru\u0161tva uop\u0107e. Zato je svrsishodno pru\u017eati \u0161to ve\u0107i poticaj o\u010duvanju i vrednovanju kulturnog i prirodnog naslije\u0111a. Tako\u0111er, va\u017eno je i postojanje stabilnih, savremenih i kreativnih ba\u0161tinskih ustanova. Ba\u0161tinske ustanove\/institucije i djelatnosti, izme\u0111u ostalog, zna\u010dajno u\u010destvuju u procesima socijalizacije i razvijanja identiteta pojedinca i dru\u0161tva.<\/p>\n<p>No, nalazimo se u vremenu u kojem je institucionalni nukleus na\u0161e nauke, obrazovanja i kulture \u2013 Zemaljski muzej BiH \u2013 prestao sa radom. Sudbina Zemaljskog muzeja kao tamni oblak nadvila se nad cjelokupnom institucionalnom kulturom u Bosni i Hercegovini. Suo\u010deni smo, zapravo, s najve\u0107im izazovom: borbom protiv ravnodu\u0161nosti i mirenja sa takvim stanjem. No, da li smo u toj borbi ve\u0107 pora\u017eeni?<\/p>\n<p>Zapitajmo se zbog \u010dega jedno dru\u0161tvo, zajednica i pojedinac imaju potrebu sje\u0107ati se i pamtiti vremena i doga\u0111aje iz pro\u0161losti. To je ona ista potreba koju \u010dovjek, dru\u0161tvo i zajednica imaju kako bi sigurno hodili kroz sada\u0161njost i budu\u0107nost. Upravo su ba\u0161tinske institucije i ba\u0161tinske djelatnosti one koje isijavaju svjetlost na tom putu, a ta svjetlost jeste na\u0161e kolektivno i individualno pam\u0107enje.<\/p>\n<p><img loading=\"lazy\" decoding=\"async\" class=\"alignleft\" src=\"http:\/\/www.oslobodjenje.ba\/portal\/images\/articles\/historijski-arhiv-sarajevski-atentat-na-originalnim-fotografijama-razgovor-psihijatra-s-gavrilom-u-zatvoru_3.jpg\" alt=\"alt\" width=\"400\" height=\"267\" \/><\/p>\n<p>Na\u017ealost, u dana\u0161njoj Bosni i Hercegovini arhivske, muzejske, bibliote\u010dke i srodne ba\u0161tinske i informacijske ustanove moraju neprestano braniti i obrazlagati razloge zbog kojih su one uop\u0107e potrebne dru\u0161tvu i dr\u017eavi. Jedno od najbitnijih na\u010dela ba\u0161tinskih djelatnosti, a time i arhivske, jeste na\u010delo o\u010duvanja kulturne ba\u0161tine, ali i na\u010delo dru\u0161tvene svrsishodnosti i univerzalnosti informacijsko-ba\u0161tinskih djelatnosti.<\/p>\n<p>Ba\u0161tinske ustanove u na\u0161oj zemlji nalaze se u izuzetno slo\u017eenom i specifi\u010dnom tranzicijskom procesu koji je neizvjestan iz najmanje dva razloga: prvi je, najbla\u017ee re\u010deno, gubitak \u017eelje, odgovornost i sluha za potporu i u\u010de\u0161\u0107e relevantnih dr\u017eavnih institucija u razvoju i o\u010duvanju ba\u0161tinskog sektora, a drugi jeste rapidno zaostajanje u materijalnom, tehnolo\u0161kom, informacijskom i intelektualnom aspektu bosanskohercegova\u010dkih ba\u0161tinskih ustanova za onima u regiji i Evropi.<\/p>\n<p>Ovaj datum je dobra prilika da se naglasi da je ba\u0161tinskim institucijama u Bosni i Hercegovini potrebna hitna podr\u0161ka &#8211; prije svega razumijevanje za zna\u010daj i potrebe ba\u0161tinsko-informacijskog sektora \u2013 arhiva, biblioteka, muzeja, zavod\u0101 za za\u0161titu kulturno-historijskog i prirodnog naslije\u0111a i drugih srodnih ustanova.<\/p>\n<p>Neophodno je i\u0107i ukorak sa susjedima i Evropom kada je u pitanju informatizacija ba\u0161tinskog sektora i sve ono \u0161to ona podrazumijeva: softverska rje\u0161enja, mikrofilmovanje, digitalizacija, e-arhivi, e-biblioteke, e-muzeji, online katalogizacija, dostupnost, za\u0161tita, edukacija, saradnja te pra\u0107enje me\u0111unarodnih standarda i trendova.<\/p>\n<p>To je diskurs koji struci treba nametnuti ba\u0161tinska akademska zajednica po pitanju inicijative, projekata i strategija koje se ti\u010du kulturnog, odnosno ba\u0161tinskog sektora.<\/p>\n<p>Izuzetno je va\u017eno tra\u017eiti pozitivne primjere u Bosni i Hercegovini, te iste promovirati. Potrebno je mijenjati imid\u017e arhivske djelatnosti u Bosni i Hercegovini, a ovaj proces mora krenuti od ovda\u0161njih arhiva, odnosno od praksi njihovih djelatnika.<\/p>\n<p><img loading=\"lazy\" decoding=\"async\" class=\"alignleft\" src=\"http:\/\/www.lib.utexas.edu\/maps\/historical\/sarajevo_1905.jpg\" alt=\"alt\" width=\"400\" height=\"267\" \/><\/p>\n<p>Tako\u0111er, odgovornost djelatnika u kulturno-ba\u0161tinskim ustanovama prema svom poslu, ustanovi i struci te prema profesionalnoj inicijativi i komunikaciji pitanje je od klju\u010dnog zna\u010daja. Kvalitetan odnos arhivista i drugih stru\u010dnjaka prema ovoj ba\u0161tinskoj djelatnosti je ne\u0161to \u0161to valja stalno preispitivati i nadogra\u0111ivati.Upravo iz tih razloga potrebno je odgovoriti izazovu, pokazati energi\u010dnost te crpiti znanja i pozitivna iskustva drugih.<\/p>\n<p>Moramo preuzeti odgovornost i pokazati da smo sposobni za ponovno stasavanje i sazrijevanje, ba\u0161 kao \u0161to su tu odgovornost preuzeli i pokazali na\u0161i prethodnici prije 66 godina.<\/p>\n<p><strong>Historijski arhiv Sarajevo<\/strong><br \/>\n<em><strong> direktor Haris Zaimovi\u0107<\/strong><\/em><\/p>\n","protected":false},"excerpt":{"rendered":"<p>Arhivska slu\u017eba Bosne i Hercegovine 12. decembra obilje\u017eava 66 godina svog postojanja. Ovo je datum osnivanja Arhiva NR Bosne i Hercegovine (danas Arhiv BiH), a nepunih pola godine poslije formiran je i Arhiv Grada Sarajeva (danas Historijski arhiv Sarajevo). To je bio kamen temeljac za organiziranje arhivske slu\u017ebe i profesionalne arhivske djelatnosti u Bosni i Hercegovini. Za\u0161to je ovaj datum toliko bitan, dru\u0161tvu u cjelini?\u010cinjenica da se arhivska gra\u0111a koja se odnosi&#8230; <a class=\"continue-reading-link\" href=\"http:\/\/www.arhivsa.ba\/wordpress\/?p=1452\">Vi\u0161e<\/a><\/p>\n","protected":false},"author":1,"featured_media":0,"comment_status":"open","ping_status":"open","sticky":false,"template":"","format":"standard","meta":{"_uf_show_specific_survey":0,"_uf_disable_surveys":false,"ngg_post_thumbnail":0,"footnotes":""},"categories":[3],"tags":[],"class_list":["post-1452","post","type-post","status-publish","format-standard","hentry","category-vijesti"],"_links":{"self":[{"href":"http:\/\/www.arhivsa.ba\/wordpress\/index.php?rest_route=\/wp\/v2\/posts\/1452","targetHints":{"allow":["GET"]}}],"collection":[{"href":"http:\/\/www.arhivsa.ba\/wordpress\/index.php?rest_route=\/wp\/v2\/posts"}],"about":[{"href":"http:\/\/www.arhivsa.ba\/wordpress\/index.php?rest_route=\/wp\/v2\/types\/post"}],"author":[{"embeddable":true,"href":"http:\/\/www.arhivsa.ba\/wordpress\/index.php?rest_route=\/wp\/v2\/users\/1"}],"replies":[{"embeddable":true,"href":"http:\/\/www.arhivsa.ba\/wordpress\/index.php?rest_route=%2Fwp%2Fv2%2Fcomments&post=1452"}],"version-history":[{"count":1,"href":"http:\/\/www.arhivsa.ba\/wordpress\/index.php?rest_route=\/wp\/v2\/posts\/1452\/revisions"}],"predecessor-version":[{"id":1454,"href":"http:\/\/www.arhivsa.ba\/wordpress\/index.php?rest_route=\/wp\/v2\/posts\/1452\/revisions\/1454"}],"wp:attachment":[{"href":"http:\/\/www.arhivsa.ba\/wordpress\/index.php?rest_route=%2Fwp%2Fv2%2Fmedia&parent=1452"}],"wp:term":[{"taxonomy":"category","embeddable":true,"href":"http:\/\/www.arhivsa.ba\/wordpress\/index.php?rest_route=%2Fwp%2Fv2%2Fcategories&post=1452"},{"taxonomy":"post_tag","embeddable":true,"href":"http:\/\/www.arhivsa.ba\/wordpress\/index.php?rest_route=%2Fwp%2Fv2%2Ftags&post=1452"}],"curies":[{"name":"wp","href":"https:\/\/api.w.org\/{rel}","templated":true}]}}