{"id":1444,"date":"2013-12-10T10:33:02","date_gmt":"2013-12-10T08:33:02","guid":{"rendered":"http:\/\/www.arhivsa.ba\/wordpress\/?p=1444"},"modified":"2018-12-13T12:22:30","modified_gmt":"2018-12-13T10:22:30","slug":"uz-12-decembar-dan-arhiva-i-arhivske-sluzbe-bih","status":"publish","type":"post","link":"http:\/\/www.arhivsa.ba\/wordpress\/?p=1444","title":{"rendered":"Uz 12. Decembar &#8211; Dan arhiv\u00e2 i arhivske slu\u017ebe BiH"},"content":{"rendered":"<p>U kulturnoj historiji Bosne i Hercegovine me\u0111u va\u017ene datume pripada i 12. decembar 1947. godine kada je progla\u0161ena Uredba o Dr\u017eavnom arhivu Narodne Republike Bosne i Hercegovine i kada je zapo\u010dela organizirana za\u0161tita arhivske gra\u0111e u Bosni i Hercegovini.<\/p>\n<p><img loading=\"lazy\" decoding=\"async\" src=\"http:\/\/www.udruzenjehistoricara-ks.ba\/Images\/Bosnia-and-Herzegovina-240-animated-flag-gifs.gif\" alt=\"alt\" width=\"300\" height=\"170\"><\/p>\n<p>Jasno je da je relativno slaba sa\u010duvanost arhivske gra\u0111e kao nezaobilaznog historijskog izvora i neprocjenjive kulturne ba\u0161tine posljedica upravo kasnog osnivanja arhivskih ustanova i uspostave arhivske slu\u017ebe.<\/p>\n<p><img loading=\"lazy\" decoding=\"async\" src=\"http:\/\/www.delo.si\/assets\/media\/picture\/20120314\/arhiv.jpg?rev=1\" alt=\"alt\" width=\"300\" height=\"216\"><\/p>\n<p>Ugledna kanadska arhivistica Barbara Craig izrekla je istinu da &#8220;ukoliko nemate ni\u0161ta na \u0161to mo\u017eete pogledati unatrag s ponosom, nemate ni\u0161ta u \u0161ta bi ste gledali unaprijed s nadom&#8221;.<\/p>\n<p>U UNESCO-ovoj deklaraciji iz 1966. Godine stoji: &#8220;Svaka kultura ima dostojanstvo i vrijednost koji se moraju po\u0161tovati i sa\u010duvati. Svaki narod ima pravo i du\u017enost da razvija vlastitu kulturu. U toj bogatoj raznovrsnosti i kroz uzajamne utjecaje one se o\u010dituju jedna u drugoj. Sve kulture svijeta \u010dine dio naslije\u0111a koje pripada cijelom \u010dovje\u010danstvu&#8221;.<\/p>\n<p><img loading=\"lazy\" decoding=\"async\" src=\"http:\/\/www.zadarskilist.hr\/media\/base\/ARHIV4.JPG\" alt=\"alt\" width=\"300\" height=\"180\"><\/p>\n<p>I danas je va\u017eno pozvati se na Preporuku Vije\u0107a Evrope R(2000)13 da &#8220;razumijevanje novije evropske historije mo\u017ee pridonijeti spre\u010davanju sukoba&#8221;.<\/p>\n<p>Arhivi u Bosni i Hercegovini su uprkos izazovima, isku\u0161enjima i neda\u0107ama u\u010dinili da kroz profesionalna dostignu\u0107a dobiju pe\u010dat zrelosti i izrastu u ugledne institucije kulturnog i znanstvenog \u017eivota u Bosni i Hercegovini.<\/p>\n<p>Nije nimalo lako dati odgovor na pitanje \u0161ta nije dobro u na\u0161oj arhivskoj slu\u017ebi, a &#8220;biti arhivist, zna\u010di nositi zvanje u dru\u0161tvu nepoznato, \u010desto nezahvalno, nepriznato i pocijenjeno&#8221;, kako zapisa mladi kolega dr. Andrej Rodinis, stoga je potrebna neka vrsta obnove i svestranog anga\u017eovanja, kako bi arhivi postali ustanove vrijedne po\u0161tovanja.<\/p>\n<p>I ovaj 12. decembar do\u010dekujemo s nadom i rado\u0161\u0107u.<\/p>\n<p>Direktor Arhiva BiH<br \/>\n<em>Mr \u0160aban Zahirovi\u0107<\/em><\/p>\n","protected":false},"excerpt":{"rendered":"<p>U kulturnoj historiji Bosne i Hercegovine me\u0111u va\u017ene datume pripada i 12. decembar 1947. godine kada je progla\u0161ena Uredba o Dr\u017eavnom arhivu Narodne Republike Bosne i Hercegovine i kada je zapo\u010dela organizirana za\u0161tita arhivske gra\u0111e u Bosni i Hercegovini. Jasno je da je relativno slaba sa\u010duvanost arhivske gra\u0111e kao nezaobilaznog historijskog izvora i neprocjenjive kulturne ba\u0161tine posljedica upravo kasnog osnivanja arhivskih ustanova i uspostave arhivske slu\u017ebe. Ugledna kanadska arhivistica Barbara Craig izrekla&#8230; <a class=\"continue-reading-link\" href=\"http:\/\/www.arhivsa.ba\/wordpress\/?p=1444\">Vi\u0161e<\/a><\/p>\n","protected":false},"author":1,"featured_media":0,"comment_status":"closed","ping_status":"closed","sticky":false,"template":"","format":"standard","meta":{"_uf_show_specific_survey":0,"_uf_disable_surveys":false,"ngg_post_thumbnail":0,"footnotes":""},"categories":[3],"tags":[],"class_list":["post-1444","post","type-post","status-publish","format-standard","hentry","category-vijesti"],"_links":{"self":[{"href":"http:\/\/www.arhivsa.ba\/wordpress\/index.php?rest_route=\/wp\/v2\/posts\/1444","targetHints":{"allow":["GET"]}}],"collection":[{"href":"http:\/\/www.arhivsa.ba\/wordpress\/index.php?rest_route=\/wp\/v2\/posts"}],"about":[{"href":"http:\/\/www.arhivsa.ba\/wordpress\/index.php?rest_route=\/wp\/v2\/types\/post"}],"author":[{"embeddable":true,"href":"http:\/\/www.arhivsa.ba\/wordpress\/index.php?rest_route=\/wp\/v2\/users\/1"}],"replies":[{"embeddable":true,"href":"http:\/\/www.arhivsa.ba\/wordpress\/index.php?rest_route=%2Fwp%2Fv2%2Fcomments&post=1444"}],"version-history":[{"count":2,"href":"http:\/\/www.arhivsa.ba\/wordpress\/index.php?rest_route=\/wp\/v2\/posts\/1444\/revisions"}],"predecessor-version":[{"id":3388,"href":"http:\/\/www.arhivsa.ba\/wordpress\/index.php?rest_route=\/wp\/v2\/posts\/1444\/revisions\/3388"}],"wp:attachment":[{"href":"http:\/\/www.arhivsa.ba\/wordpress\/index.php?rest_route=%2Fwp%2Fv2%2Fmedia&parent=1444"}],"wp:term":[{"taxonomy":"category","embeddable":true,"href":"http:\/\/www.arhivsa.ba\/wordpress\/index.php?rest_route=%2Fwp%2Fv2%2Fcategories&post=1444"},{"taxonomy":"post_tag","embeddable":true,"href":"http:\/\/www.arhivsa.ba\/wordpress\/index.php?rest_route=%2Fwp%2Fv2%2Ftags&post=1444"}],"curies":[{"name":"wp","href":"https:\/\/api.w.org\/{rel}","templated":true}]}}