{"id":1438,"date":"2013-12-06T10:28:26","date_gmt":"2013-12-06T08:28:26","guid":{"rendered":"http:\/\/www.arhivsa.ba\/wordpress\/?p=1438"},"modified":"2018-09-17T09:32:32","modified_gmt":"2018-09-17T07:32:32","slug":"izlozba-gradovi-i-trgovista-na-hrvatsko-stajerskoj-granici","status":"publish","type":"post","link":"http:\/\/www.arhivsa.ba\/wordpress\/?p=1438","title":{"rendered":"Izlo\u017eba &#8220;Gradovi i trgovi\u0161ta na hrvatsko-\u0161tajerskoj granici&#8221;"},"content":{"rendered":"<p><a href=\"http:\/\/www.arhivsa.ba\/wordpress\/wp-content\/uploads\/2014\/11\/PLAKAT-flat.gif\"><img loading=\"lazy\" decoding=\"async\" class=\"alignleft size-medium wp-image-1439\" src=\"http:\/\/www.arhivsa.ba\/wordpress\/wp-content\/uploads\/2014\/11\/PLAKAT-flat-212x300.gif\" alt=\"\" width=\"212\" height=\"300\" srcset=\"http:\/\/www.arhivsa.ba\/wordpress\/wp-content\/uploads\/2014\/11\/PLAKAT-flat-212x300.gif 212w, http:\/\/www.arhivsa.ba\/wordpress\/wp-content\/uploads\/2014\/11\/PLAKAT-flat-106x150.gif 106w\" sizes=\"auto, (max-width: 212px) 100vw, 212px\" \/><\/a>Povodom obilje\u017eavanja Dana arhivske djelatnosti u BiH, Historijski arhiv Sarajevo \u0107e postaviti gostuju\u0107u zajedni\u010dku izlo\u017ebu arhiva<\/p>\n<p><strong>&#8220;GRADOVI I TRGOVI\u0160TA NA HRVATSKO-\u0160TAJERSKOJ GRANICI&#8221;<\/strong><\/p>\n<p>Izlo\u017eba \u0107e biti sve\u010dano otvorena u Muzeju Sarajeva (Brusa Bezistan), Abad\u017eiluk 10, u \u010detvrtak, 12. decembra 2013. godine s po\u010detkom u 14 sati.<\/p>\n<p>Radujemo se Va\u0161em dolasku!<\/p>\n","protected":false},"excerpt":{"rendered":"<p>Povodom obilje\u017eavanja Dana arhivske djelatnosti u BiH, Historijski arhiv Sarajevo \u0107e postaviti gostuju\u0107u zajedni\u010dku izlo\u017ebu arhiva &#8220;GRADOVI I TRGOVI\u0160TA NA HRVATSKO-\u0160TAJERSKOJ GRANICI&#8221; Izlo\u017eba \u0107e biti sve\u010dano otvorena u Muzeju Sarajeva (Brusa Bezistan), Abad\u017eiluk 10, u \u010detvrtak, 12. decembra 2013. godine s po\u010detkom u 14 sati. Radujemo se Va\u0161em dolasku! <a class=\"continue-reading-link\" href=\"http:\/\/www.arhivsa.ba\/wordpress\/?p=1438\">Vi\u0161e<\/a><\/p>\n","protected":false},"author":1,"featured_media":0,"comment_status":"closed","ping_status":"closed","sticky":false,"template":"","format":"standard","meta":{"_uf_show_specific_survey":0,"_uf_disable_surveys":false,"ngg_post_thumbnail":0,"footnotes":""},"categories":[3],"tags":[],"class_list":["post-1438","post","type-post","status-publish","format-standard","hentry","category-vijesti"],"_links":{"self":[{"href":"http:\/\/www.arhivsa.ba\/wordpress\/index.php?rest_route=\/wp\/v2\/posts\/1438","targetHints":{"allow":["GET"]}}],"collection":[{"href":"http:\/\/www.arhivsa.ba\/wordpress\/index.php?rest_route=\/wp\/v2\/posts"}],"about":[{"href":"http:\/\/www.arhivsa.ba\/wordpress\/index.php?rest_route=\/wp\/v2\/types\/post"}],"author":[{"embeddable":true,"href":"http:\/\/www.arhivsa.ba\/wordpress\/index.php?rest_route=\/wp\/v2\/users\/1"}],"replies":[{"embeddable":true,"href":"http:\/\/www.arhivsa.ba\/wordpress\/index.php?rest_route=%2Fwp%2Fv2%2Fcomments&post=1438"}],"version-history":[{"count":5,"href":"http:\/\/www.arhivsa.ba\/wordpress\/index.php?rest_route=\/wp\/v2\/posts\/1438\/revisions"}],"predecessor-version":[{"id":3292,"href":"http:\/\/www.arhivsa.ba\/wordpress\/index.php?rest_route=\/wp\/v2\/posts\/1438\/revisions\/3292"}],"wp:attachment":[{"href":"http:\/\/www.arhivsa.ba\/wordpress\/index.php?rest_route=%2Fwp%2Fv2%2Fmedia&parent=1438"}],"wp:term":[{"taxonomy":"category","embeddable":true,"href":"http:\/\/www.arhivsa.ba\/wordpress\/index.php?rest_route=%2Fwp%2Fv2%2Fcategories&post=1438"},{"taxonomy":"post_tag","embeddable":true,"href":"http:\/\/www.arhivsa.ba\/wordpress\/index.php?rest_route=%2Fwp%2Fv2%2Ftags&post=1438"}],"curies":[{"name":"wp","href":"https:\/\/api.w.org\/{rel}","templated":true}]}}