{"id":1376,"date":"2014-01-23T13:22:20","date_gmt":"2014-01-23T11:22:20","guid":{"rendered":"http:\/\/www.arhivsa.ba\/wordpress\/?p=1376"},"modified":"2014-11-03T13:29:44","modified_gmt":"2014-11-03T11:29:44","slug":"ambasador-republike-austrije-posjetio-historijski-arhiv-sarajevo","status":"publish","type":"post","link":"http:\/\/www.arhivsa.ba\/wordpress\/?p=1376","title":{"rendered":"Ambasador Republike Austrije posjetio Historijski arhiv Sarajevo"},"content":{"rendered":"<p><a href=\"http:\/\/www.arhivsa.ba\/wordpress\/wp-content\/uploads\/2014\/11\/IMG_1024.jpg\"><img loading=\"lazy\" decoding=\"async\" class=\"size-medium wp-image-1377 alignleft\" src=\"http:\/\/www.arhivsa.ba\/wordpress\/wp-content\/uploads\/2014\/11\/IMG_1024-300x225.jpg\" alt=\"\" width=\"300\" height=\"225\" srcset=\"http:\/\/www.arhivsa.ba\/wordpress\/wp-content\/uploads\/2014\/11\/IMG_1024-300x225.jpg 300w, http:\/\/www.arhivsa.ba\/wordpress\/wp-content\/uploads\/2014\/11\/IMG_1024-200x150.jpg 200w, http:\/\/www.arhivsa.ba\/wordpress\/wp-content\/uploads\/2014\/11\/IMG_1024-150x112.jpg 150w, http:\/\/www.arhivsa.ba\/wordpress\/wp-content\/uploads\/2014\/11\/IMG_1024.jpg 800w\" sizes=\"auto, (max-width: 300px) 100vw, 300px\" \/><\/a>U \u010detvrtak, 23. I 2014. godine je Historijski arhiv Sarajevo posjetio ambasador Republike Austrije nj. e. Martin Pammer. Ambasador Pammer se interesirao za zbirke i fondove na\u0161ega arhiva, \u010diji dio su mu prezentirali v.d. direktora HAS-a mr Sejdalija Gu\u0161i\u0107 i v.d. predsjednik Upravnog odbora HAS-a dr Senija Mili\u0161i\u0107.<\/p>\n<p>Ambasador Pammer je bio osobito impresioniran izdanjem &#8220;Sarajevskog adresara&#8221; iz 1914. godine, u kojem se, kako ka\u017ee, &#8220;mo\u017ee prepoznati etni\u010dka i konfesionalna struktura Sarajeva toga vremena&#8221;.<\/p>\n","protected":false},"excerpt":{"rendered":"<p>U \u010detvrtak, 23. I 2014. godine je Historijski arhiv Sarajevo posjetio ambasador Republike Austrije nj. e. Martin Pammer. Ambasador Pammer se interesirao za zbirke i fondove na\u0161ega arhiva, \u010diji dio su mu prezentirali v.d. direktora HAS-a mr Sejdalija Gu\u0161i\u0107 i v.d. predsjednik Upravnog odbora HAS-a dr Senija Mili\u0161i\u0107. Ambasador Pammer je bio osobito impresioniran izdanjem &#8220;Sarajevskog adresara&#8221; iz 1914. godine, u kojem se, kako ka\u017ee, &#8220;mo\u017ee prepoznati etni\u010dka i konfesionalna struktura Sarajeva&#8230; <a class=\"continue-reading-link\" href=\"http:\/\/www.arhivsa.ba\/wordpress\/?p=1376\">Vi\u0161e<\/a><\/p>\n","protected":false},"author":1,"featured_media":0,"comment_status":"open","ping_status":"open","sticky":false,"template":"","format":"standard","meta":{"_uf_show_specific_survey":0,"_uf_disable_surveys":false,"ngg_post_thumbnail":0,"footnotes":""},"categories":[3],"tags":[],"class_list":["post-1376","post","type-post","status-publish","format-standard","hentry","category-vijesti"],"_links":{"self":[{"href":"http:\/\/www.arhivsa.ba\/wordpress\/index.php?rest_route=\/wp\/v2\/posts\/1376","targetHints":{"allow":["GET"]}}],"collection":[{"href":"http:\/\/www.arhivsa.ba\/wordpress\/index.php?rest_route=\/wp\/v2\/posts"}],"about":[{"href":"http:\/\/www.arhivsa.ba\/wordpress\/index.php?rest_route=\/wp\/v2\/types\/post"}],"author":[{"embeddable":true,"href":"http:\/\/www.arhivsa.ba\/wordpress\/index.php?rest_route=\/wp\/v2\/users\/1"}],"replies":[{"embeddable":true,"href":"http:\/\/www.arhivsa.ba\/wordpress\/index.php?rest_route=%2Fwp%2Fv2%2Fcomments&post=1376"}],"version-history":[{"count":1,"href":"http:\/\/www.arhivsa.ba\/wordpress\/index.php?rest_route=\/wp\/v2\/posts\/1376\/revisions"}],"predecessor-version":[{"id":1378,"href":"http:\/\/www.arhivsa.ba\/wordpress\/index.php?rest_route=\/wp\/v2\/posts\/1376\/revisions\/1378"}],"wp:attachment":[{"href":"http:\/\/www.arhivsa.ba\/wordpress\/index.php?rest_route=%2Fwp%2Fv2%2Fmedia&parent=1376"}],"wp:term":[{"taxonomy":"category","embeddable":true,"href":"http:\/\/www.arhivsa.ba\/wordpress\/index.php?rest_route=%2Fwp%2Fv2%2Fcategories&post=1376"},{"taxonomy":"post_tag","embeddable":true,"href":"http:\/\/www.arhivsa.ba\/wordpress\/index.php?rest_route=%2Fwp%2Fv2%2Ftags&post=1376"}],"curies":[{"name":"wp","href":"https:\/\/api.w.org\/{rel}","templated":true}]}}