{"id":1174,"date":"2011-09-15T14:26:32","date_gmt":"2011-09-15T12:26:32","guid":{"rendered":"http:\/\/www.arhivsa.ba\/wordpress\/?p=1174"},"modified":"2014-10-01T14:29:05","modified_gmt":"2014-10-01T12:29:05","slug":"komisija-za-ocuvanje-nacionalnih-spomenika-bih-postavila-plocu","status":"publish","type":"post","link":"http:\/\/www.arhivsa.ba\/wordpress\/?p=1174","title":{"rendered":"Komisija za o\u010duvanje nacionalnih spomenika BiH postavila plo\u010du"},"content":{"rendered":"<p>Komisija\/Povjerenstvo za o\u010duvanje nacionalnih spomenika BiH postavila\/postavilo je ispred JU Historijski arhiv Sarajevo plo\u010du koja na samom ulazu ove ustanove dokazuje da se radi o nacionalnom spomeniku Bosne i Hercegovine.<\/p>\n<p>Na toj tabli, izme\u0111u ostalog, pi\u0161e da je Komisija\/Povjerenstvo za o\u010duvanje nacionalnih spomenika BiH donijela\/donijelo odluku kojom se pokretno dobro \u2013 Fondovi i zbirke Historijskog arhiva Sarajevo, progla\u0161ava nacionalnim spomenikom Bosne i Hercegovine. O\u0161te\u0107enje, uni\u0161tenje ili prisvajanje spomnika, kao i nedopu\u0161teno obavljanje istra\u017eivanja i drugih radova na spomeniku predstavlja krivi\u010dno djelo.<\/p>\n<p>Podsjetimo, 15. jula 2009. godine Komisija\/Povjerenstvo za o\u010duvanje nacionalnih spomenika u BiH na svojoj 45. sjednici donijela\/donijelo je, izme\u0111u ostalih, odluku o progla\u0161enju pokretnog dobra &#8211; Fondovi i zbirke JU Historijski Arhiv Sarajevo nacionalnim spomenikom BiH.<\/p>\n\n\t\t<style type=\"text\/css\">\n\t\t\t#gallery-1 {\n\t\t\t\tmargin: auto;\n\t\t\t}\n\t\t\t#gallery-1 .gallery-item {\n\t\t\t\tfloat: left;\n\t\t\t\tmargin-top: 10px;\n\t\t\t\ttext-align: center;\n\t\t\t\twidth: 50%;\n\t\t\t}\n\t\t\t#gallery-1 img {\n\t\t\t\tborder: 2px solid #cfcfcf;\n\t\t\t}\n\t\t\t#gallery-1 .gallery-caption {\n\t\t\t\tmargin-left: 0;\n\t\t\t}\n\t\t\t\/* see gallery_shortcode() in wp-includes\/media.php *\/\n\t\t<\/style>\n\t\t<div id='gallery-1' class='gallery galleryid-1174 gallery-columns-2 gallery-size-thumbnail'><dl class='gallery-item'>\n\t\t\t<dt class='gallery-icon landscape'>\n\t\t\t\t<a href='http:\/\/www.arhivsa.ba\/wordpress\/wp-content\/uploads\/2014\/10\/IMG_0760.jpg'><img loading=\"lazy\" decoding=\"async\" width=\"150\" height=\"150\" src=\"http:\/\/www.arhivsa.ba\/wordpress\/wp-content\/uploads\/2014\/10\/IMG_0760-150x150.jpg\" class=\"attachment-thumbnail size-thumbnail\" alt=\"\" \/><\/a>\n\t\t\t<\/dt><\/dl><dl class='gallery-item'>\n\t\t\t<dt class='gallery-icon landscape'>\n\t\t\t\t<a href='http:\/\/www.arhivsa.ba\/wordpress\/wp-content\/uploads\/2014\/10\/IMG_0761.jpg'><img loading=\"lazy\" decoding=\"async\" width=\"150\" height=\"150\" src=\"http:\/\/www.arhivsa.ba\/wordpress\/wp-content\/uploads\/2014\/10\/IMG_0761-150x150.jpg\" class=\"attachment-thumbnail size-thumbnail\" alt=\"\" \/><\/a>\n\t\t\t<\/dt><\/dl><br style=\"clear: both\" \/>\n\t\t<\/div>\n\n<p style=\"text-align: center;\"><em>Fondovi i zbirke JU Historijski Arhiv Sarajevo progla\u0161eni nacionalnim spomenikom BiH<\/em><\/p>\n","protected":false},"excerpt":{"rendered":"<p>Komisija\/Povjerenstvo za o\u010duvanje nacionalnih spomenika BiH postavila\/postavilo je ispred JU Historijski arhiv Sarajevo plo\u010du koja na samom ulazu ove ustanove dokazuje da se radi o nacionalnom spomeniku Bosne i Hercegovine. Na toj tabli, izme\u0111u ostalog, pi\u0161e da je Komisija\/Povjerenstvo za o\u010duvanje nacionalnih spomenika BiH donijela\/donijelo odluku kojom se pokretno dobro \u2013 Fondovi i zbirke Historijskog arhiva Sarajevo, progla\u0161ava nacionalnim spomenikom Bosne i Hercegovine. O\u0161te\u0107enje, uni\u0161tenje ili prisvajanje spomnika, kao i nedopu\u0161teno obavljanje&#8230; <a class=\"continue-reading-link\" href=\"http:\/\/www.arhivsa.ba\/wordpress\/?p=1174\">Vi\u0161e<\/a><\/p>\n","protected":false},"author":1,"featured_media":0,"comment_status":"open","ping_status":"open","sticky":false,"template":"","format":"standard","meta":{"_uf_show_specific_survey":0,"_uf_disable_surveys":false,"ngg_post_thumbnail":0,"footnotes":""},"categories":[3],"tags":[],"class_list":["post-1174","post","type-post","status-publish","format-standard","hentry","category-vijesti"],"_links":{"self":[{"href":"http:\/\/www.arhivsa.ba\/wordpress\/index.php?rest_route=\/wp\/v2\/posts\/1174","targetHints":{"allow":["GET"]}}],"collection":[{"href":"http:\/\/www.arhivsa.ba\/wordpress\/index.php?rest_route=\/wp\/v2\/posts"}],"about":[{"href":"http:\/\/www.arhivsa.ba\/wordpress\/index.php?rest_route=\/wp\/v2\/types\/post"}],"author":[{"embeddable":true,"href":"http:\/\/www.arhivsa.ba\/wordpress\/index.php?rest_route=\/wp\/v2\/users\/1"}],"replies":[{"embeddable":true,"href":"http:\/\/www.arhivsa.ba\/wordpress\/index.php?rest_route=%2Fwp%2Fv2%2Fcomments&post=1174"}],"version-history":[{"count":1,"href":"http:\/\/www.arhivsa.ba\/wordpress\/index.php?rest_route=\/wp\/v2\/posts\/1174\/revisions"}],"predecessor-version":[{"id":1177,"href":"http:\/\/www.arhivsa.ba\/wordpress\/index.php?rest_route=\/wp\/v2\/posts\/1174\/revisions\/1177"}],"wp:attachment":[{"href":"http:\/\/www.arhivsa.ba\/wordpress\/index.php?rest_route=%2Fwp%2Fv2%2Fmedia&parent=1174"}],"wp:term":[{"taxonomy":"category","embeddable":true,"href":"http:\/\/www.arhivsa.ba\/wordpress\/index.php?rest_route=%2Fwp%2Fv2%2Fcategories&post=1174"},{"taxonomy":"post_tag","embeddable":true,"href":"http:\/\/www.arhivsa.ba\/wordpress\/index.php?rest_route=%2Fwp%2Fv2%2Ftags&post=1174"}],"curies":[{"name":"wp","href":"https:\/\/api.w.org\/{rel}","templated":true}]}}